{"id":43699,"date":"2025-04-21T07:40:00","date_gmt":"2025-04-21T10:40:00","guid":{"rendered":"https:\/\/noticiasdestaque.com.br\/index.php\/2025\/04\/21\/papa-francisco-morre-aos-88-anos-no-vaticano\/"},"modified":"2025-04-21T07:40:00","modified_gmt":"2025-04-21T10:40:00","slug":"papa-francisco-morre-aos-88-anos-no-vaticano","status":"publish","type":"post","link":"https:\/\/noticiasdestaque.com.br\/index.php\/2025\/04\/21\/papa-francisco-morre-aos-88-anos-no-vaticano\/","title":{"rendered":"Papa Francisco morre aos 88 anos no Vaticano\u200b"},"content":{"rendered":"<p>O <strong>Papa Francisco faleceu, aos 88 anos, na manh\u00e3 desta segunda-feira (21)<\/strong>, no Vaticano, em Roma. O an\u00fancio oficial foi feito pelo camerlengo, cardeal Kevin Joseph Farrell, que destacou a dedica\u00e7\u00e3o do pont\u00edfice ao servi\u00e7o da Igreja.<a href=\"https:\/\/www.cnbb.org.br\/falecimento-papa-francisco\/\"> &#8220;Ele nos ensinou a viver os valores do Evangelho com fidelidade, coragem e amor universal, especialmente em favor dos mais pobres e marginalizados&#8221;<\/a>, disse Farrell.<\/p>\n<p>No domingo de P\u00e1scoa, o Pont\u00edfice apareceu na sacada da Bas\u00edlica de S\u00e3o Pedro para a mensagem de P\u00e1scoa Urbi et Orbi, deixando sua \u00faltima mensagem para a Igreja e o mundo.<\/p>\n<p>A sa\u00fade do Papa vinha se deteriorando nos \u00faltimos anos, com epis\u00f3dios de bronquite e infec\u00e7\u00f5es respirat\u00f3rias.\u00a0<\/p>\n<p><strong>Francisco dever\u00e1 ser sepultado na Bas\u00edlica de Santa Maria Maior, em Roma. O conclave para eleger seu sucessor dever\u00e1 ocorrer entre 15 e 20 dias ap\u00f3s o in\u00edcio da Sede Vacante.<\/strong><\/p>\n<p>As igrejas no Brasil j\u00e1 celebram missas em homenagem ao pont\u00edfice. O Santu\u00e1rio Nacional de Aparecida, localizado no munic\u00edpio de Aparecida do Norte (SP), vai realizar seis missas nesta segunda.\u00a0<\/p>\n<p>O governo brasileiro\u00a0decretou\u00a0luto oficial\u00a0de 7 dias pela morte de Francisco.\u00a0<\/p>\n<h2>Papa Francisco<\/h2>\n<p>Jorge Mario Bergoglio, nascido em Buenos Aires em 1936, foi o primeiro papa latino-americano e jesu\u00edta da hist\u00f3ria. Eleito em 2013, adotou o nome Francisco em homenagem a S\u00e3o Francisco de Assis, simbolizando seu compromisso com a simplicidade e os pobres.\u00a0<\/p>\n<p>Durante seu pontificado, promoveu reformas na C\u00faria Romana e defendeu causas sociais, como a prote\u00e7\u00e3o ambiental e a inclus\u00e3o de grupos marginalizados.\u200b<\/p>\n<h2>Milagre na Amaz\u00f4nia<\/h2>\n<p>Em outubro de 2024, durante missa na Pra\u00e7a de S\u00e3o Pedro, Francisco proclamou a canoniza\u00e7\u00e3o do padre italiano Jos\u00e9 Allamano, fundador da congrega\u00e7\u00e3o dos Mission\u00e1rios da Consolata, por um milagre que teria ocorrido na Amaz\u00f4nia brasileira.<\/p>\n<p>Segundo a organiza\u00e7\u00e3o Consolata Am\u00e9rica, o milagre ocorreu em 1996, em Roraima, quando um ind\u00edgena yanomami foi atacado por uma on\u00e7a e apresentou um grave ferimento na cabe\u00e7a. Um grupo de mission\u00e1rios teria invocado Jos\u00e9 Allamano pedindo a recupera\u00e7\u00e3o do rapaz, o que se realizou.<\/p>\n<p><em>Com informa\u00e7\u00f5es do Vaticano News, CNBB e Ag\u00eancia Brasil\u00a0<\/em><br \/>\n\u00a0<\/p>\n<p>\t\t\t\t\t\t\t\t\t<img loading=\"lazy\" decoding=\"async\" src=\"https:\/\/brasil61.com\/api\/v1\/serve_pixel\/17677\/81506\" alt=\"Pixel Brasil 61\" class=\"b61_pixel\" width=\"0\" height=\"0\"><\/p>\n<input type=\"hidden\" id=\"baseurl\" value=\"https:\/\/noticiasdestaque.com.br\"><input type=\"hidden\" id=\"audio_nonce\" value=\"6f73a554f1\">","protected":false},"excerpt":{"rendered":"<p>Francisco dever\u00e1 ser sepultado na Bas\u00edlica de Santa Maria Maior, em Roma. O conclave para eleger seu sucessor dever\u00e1 ocorrer entre 15 e 20 dias ap\u00f3s o in\u00edcio da Sede Vacante<\/p>\n","protected":false},"author":1,"featured_media":43700,"comment_status":"open","ping_status":"open","sticky":false,"template":"","format":"standard","meta":{"fifu_image_url":"","fifu_image_alt":"","footnotes":""},"categories":[48],"tags":[],"class_list":["post-43699","post","type-post","status-publish","format-standard","has-post-thumbnail","hentry","category-mundo"],"distributor_meta":false,"distributor_terms":false,"distributor_media":false,"distributor_original_site_name":"Noticias em Destaque","distributor_original_site_url":"https:\/\/noticiasdestaque.com.br","push-errors":false,"_links":{"self":[{"href":"https:\/\/noticiasdestaque.com.br\/index.php\/wp-json\/wp\/v2\/posts\/43699","targetHints":{"allow":["GET"]}}],"collection":[{"href":"https:\/\/noticiasdestaque.com.br\/index.php\/wp-json\/wp\/v2\/posts"}],"about":[{"href":"https:\/\/noticiasdestaque.com.br\/index.php\/wp-json\/wp\/v2\/types\/post"}],"author":[{"embeddable":true,"href":"https:\/\/noticiasdestaque.com.br\/index.php\/wp-json\/wp\/v2\/users\/1"}],"replies":[{"embeddable":true,"href":"https:\/\/noticiasdestaque.com.br\/index.php\/wp-json\/wp\/v2\/comments?post=43699"}],"version-history":[{"count":0,"href":"https:\/\/noticiasdestaque.com.br\/index.php\/wp-json\/wp\/v2\/posts\/43699\/revisions"}],"wp:featuredmedia":[{"embeddable":true,"href":"https:\/\/noticiasdestaque.com.br\/index.php\/wp-json\/wp\/v2\/media\/43700"}],"wp:attachment":[{"href":"https:\/\/noticiasdestaque.com.br\/index.php\/wp-json\/wp\/v2\/media?parent=43699"}],"wp:term":[{"taxonomy":"category","embeddable":true,"href":"https:\/\/noticiasdestaque.com.br\/index.php\/wp-json\/wp\/v2\/categories?post=43699"},{"taxonomy":"post_tag","embeddable":true,"href":"https:\/\/noticiasdestaque.com.br\/index.php\/wp-json\/wp\/v2\/tags?post=43699"}],"curies":[{"name":"wp","href":"https:\/\/api.w.org\/{rel}","templated":true}]}}