{"id":43693,"date":"2025-04-21T00:06:00","date_gmt":"2025-04-21T03:06:00","guid":{"rendered":"https:\/\/noticiasdestaque.com.br\/index.php\/2025\/04\/21\/inss-confira-calendario-de-pagamentos-da-antecipacao-do-13o-salario\/"},"modified":"2025-04-21T00:06:00","modified_gmt":"2025-04-21T03:06:00","slug":"inss-confira-calendario-de-pagamentos-da-antecipacao-do-13o-salario","status":"publish","type":"post","link":"https:\/\/noticiasdestaque.com.br\/index.php\/2025\/04\/21\/inss-confira-calendario-de-pagamentos-da-antecipacao-do-13o-salario\/","title":{"rendered":"INSS: confira calend\u00e1rio de pagamentos da antecipa\u00e7\u00e3o do 13\u00ba sal\u00e1rio"},"content":{"rendered":"<p>\t\t\t\t\t\t\t\t\t\t<audio controls class=\"b61_audio_player\" data-noticia=\"81483\" src=\"https:\/\/brasil61.com\/rails\/active_storage\/blobs\/eyJfcmFpbHMiOnsibWVzc2FnZSI6IkJBaHBBOTlJQXc9PSIsImV4cCI6bnVsbCwicHVyIjoiYmxvYl9pZCJ9fQ==--49cdc9dc6dfb67dff14c41a4888e7988f296b902\/BRAS2513827A\"><\/audio><\/p>\n<p>Aposentados, pensionistas e benefici\u00e1rios de aux\u00edlios do INSS j\u00e1 podem consultar os valores da primeira parcela do 13\u00ba sal\u00e1rio, que ser\u00e1 antecipada neste ano. A consulta est\u00e1 dispon\u00edvel pelo aplicativo e site Meu INSS ou pela Central de Atendimento 135.<\/p>\n<p>O pagamento de 50% da gratifica\u00e7\u00e3o ser\u00e1 feito junto com o benef\u00edcio de abril, com calend\u00e1rio previsto entre 24 de abril e 8 de maio. A segunda parcela vir\u00e1 no m\u00eas seguinte, de 26 de maio a 6 de junho, acompanhando o cronograma regular de pagamentos.<\/p>\n<h2>Decreto presidencial<\/h2>\n<p>O adiantamento do 13\u00ba sal\u00e1rio foi um pedido do ministro da Previd\u00eancia Social, Carlos Lupi, ao governo federal. A antecipa\u00e7\u00e3o foi viabilizada por meio de decreto presidencial, publicado no Di\u00e1rio Oficial da Uni\u00e3o em 4 de abril.<\/p>\n<p>Ao todo, R$ 73,3 bilh\u00f5es \u00a0ser\u00e3o pagos a 34,2 milh\u00f5es de pessoas. Que segundo Lupi, trata-se de um valor que \u201cretorna para a economia, ent\u00e3o n\u00e3o h\u00e1 porque afirmar que \u00e9 despesa, \u00e9 investimento\u201d, declarou.\u00a0<\/p>\n<h2>Calend\u00e1rio de pagamento<\/h2>\n<p>O calend\u00e1rio de pagamentos leva em considera\u00e7\u00e3o o n\u00famero final do cart\u00e3o do benef\u00edcio, sem considerar o d\u00edgito verificador (aquele que aparece depois do tra\u00e7o). Os segurados que recebem at\u00e9 um sal\u00e1rio-m\u00ednimo ser\u00e3o os primeiros a receber, entre os dias 24 de abril e 8 de maio. J\u00e1 os que ganham acima do piso nacional ter\u00e3o os valores creditados de 2 a 8 de maio.<\/p>\n<p>Para quem n\u00e3o tem acesso \u00e0 internet, a consulta pode ser feita por telefone, na Central 135. O atendimento funciona de segunda a s\u00e1bado, das 7h \u00e0s 22h. Para acessar as informa\u00e7\u00f5es, \u00e9 necess\u00e1rio informar o n\u00famero do CPF e confirmar alguns dados cadastrais.<\/p>\n<p><img decoding=\"async\" style=\"width:100%\" alt=\"\" src=\"https:\/\/noticiasdestaque.com.br\/wp-content\/uploads\/2025\/04\/INSSconfiracalendriodepagamentosdaantecipaodo13salrio_0059104001745208114.jpeg\" \/><img decoding=\"async\" style=\"width:100%\" alt=\"\" src=\"https:\/\/noticiasdestaque.com.br\/wp-content\/uploads\/2025\/04\/INSSconfiracalendriodepagamentosdaantecipaodo13salrio_0794302001745208115.jpeg\" \/><br \/>\n\u00a0<\/p>\n<p>\t\t\t\t\t\t\t\t\t<img loading=\"lazy\" decoding=\"async\" src=\"https:\/\/brasil61.com\/api\/v1\/serve_pixel\/17677\/81483\" alt=\"Pixel Brasil 61\" class=\"b61_pixel\" width=\"0\" height=\"0\"><\/p>\n<input type=\"hidden\" id=\"baseurl\" value=\"https:\/\/noticiasdestaque.com.br\"><input type=\"hidden\" id=\"audio_nonce\" value=\"6f73a554f1\">","protected":false},"excerpt":{"rendered":"<p>Adiantamento vai injetar R$ 73,3 bilh\u00f5es na economia e ser\u00e1 pago a 34,2 milh\u00f5es de pessoas <\/p>\n","protected":false},"author":1,"featured_media":43694,"comment_status":"open","ping_status":"open","sticky":false,"template":"","format":"standard","meta":{"fifu_image_url":"","fifu_image_alt":"","footnotes":""},"categories":[59],"tags":[],"class_list":["post-43693","post","type-post","status-publish","format-standard","has-post-thumbnail","hentry","category-economia"],"distributor_meta":false,"distributor_terms":false,"distributor_media":false,"distributor_original_site_name":"Noticias em Destaque","distributor_original_site_url":"https:\/\/noticiasdestaque.com.br","push-errors":false,"_links":{"self":[{"href":"https:\/\/noticiasdestaque.com.br\/index.php\/wp-json\/wp\/v2\/posts\/43693","targetHints":{"allow":["GET"]}}],"collection":[{"href":"https:\/\/noticiasdestaque.com.br\/index.php\/wp-json\/wp\/v2\/posts"}],"about":[{"href":"https:\/\/noticiasdestaque.com.br\/index.php\/wp-json\/wp\/v2\/types\/post"}],"author":[{"embeddable":true,"href":"https:\/\/noticiasdestaque.com.br\/index.php\/wp-json\/wp\/v2\/users\/1"}],"replies":[{"embeddable":true,"href":"https:\/\/noticiasdestaque.com.br\/index.php\/wp-json\/wp\/v2\/comments?post=43693"}],"version-history":[{"count":0,"href":"https:\/\/noticiasdestaque.com.br\/index.php\/wp-json\/wp\/v2\/posts\/43693\/revisions"}],"wp:featuredmedia":[{"embeddable":true,"href":"https:\/\/noticiasdestaque.com.br\/index.php\/wp-json\/wp\/v2\/media\/43694"}],"wp:attachment":[{"href":"https:\/\/noticiasdestaque.com.br\/index.php\/wp-json\/wp\/v2\/media?parent=43693"}],"wp:term":[{"taxonomy":"category","embeddable":true,"href":"https:\/\/noticiasdestaque.com.br\/index.php\/wp-json\/wp\/v2\/categories?post=43693"},{"taxonomy":"post_tag","embeddable":true,"href":"https:\/\/noticiasdestaque.com.br\/index.php\/wp-json\/wp\/v2\/tags?post=43693"}],"curies":[{"name":"wp","href":"https:\/\/api.w.org\/{rel}","templated":true}]}}