{"id":43661,"date":"2025-02-10T18:00:00","date_gmt":"2025-02-10T21:00:00","guid":{"rendered":"https:\/\/noticiasdestaque.com.br\/index.php\/2025\/02\/10\/previsao-do-tempo-sul-tera-onda-de-calor-e-chuva-nesta-terca-feira-11\/"},"modified":"2025-02-10T18:00:00","modified_gmt":"2025-02-10T21:00:00","slug":"previsao-do-tempo-sul-tera-onda-de-calor-e-chuva-nesta-terca-feira-11","status":"publish","type":"post","link":"https:\/\/noticiasdestaque.com.br\/index.php\/2025\/02\/10\/previsao-do-tempo-sul-tera-onda-de-calor-e-chuva-nesta-terca-feira-11\/","title":{"rendered":"PREVIS\u00c3O DO TEMPO: Sul ter\u00e1 onda de calor e chuva, nesta ter\u00e7a-feira (11)"},"content":{"rendered":"<p>\t\t\t\t\t\t\t\t\t\t<audio controls class=\"b61_audio_player\" data-noticia=\"80159\" src=\"https:\/\/brasil61.com\/rails\/active_storage\/blobs\/eyJfcmFpbHMiOnsibWVzc2FnZSI6IkJBaHBBd1F6QXc9PSIsImV4cCI6bnVsbCwicHVyIjoiYmxvYl9pZCJ9fQ==--2cc1a4e41a1bfd959d77bd96a4d1dcc5a4ddae0a\/PTRS253851A\"><\/audio><\/p>\n<p>Nesta ter\u00e7a-feira (11), o tempo na regi\u00e3o Sul do pa\u00eds varia entre onda de calor e chuva.<\/p>\n<p>Para o litoral do Rio Grande do Sul e de Santa Catarina, bem como norte, sul e oeste catarinense, h\u00e1 alerta de onda de calor com grau de severidade de\u00a0perigo. J\u00e1 para todas as outras regi\u00f5es do\u00a0Rio Grande do Sul, o aviso \u00e9 de grande perigo com risco \u00e0 sa\u00fade.\u00a0<\/p>\n<p>Muitas nuvens com possibilidade de chuva isolada para o Paran\u00e1. H\u00e1 aviso de chuvas intensas para as regi\u00f5es\u00a0Norte Central,\u00a0Noroeste e\u00a0Norte Pioneiro Paranaense. A chuva pode ter at\u00e9 50 mm.<\/p>\n<p>Entre as capitais, a temperatura m\u00ednima prevista \u00e9 de 19\u00b0C, em Curitiba. J\u00e1 a m\u00e1xima pode chegar a 39\u00b0C, em Porto Alegre. A umidade relativa do ar varia entre 30% e 90%.<\/p>\n<p>As informa\u00e7\u00f5es s\u00e3o do Instituto Nacional de Meteorologia. \u00a0<\/p>\n<p>\u00a0<\/p>\n<p>\t\t\t\t\t\t\t\t\t<img loading=\"lazy\" decoding=\"async\" src=\"https:\/\/brasil61.com\/api\/v1\/serve_pixel\/17677\/80159\" alt=\"Pixel Brasil 61\" class=\"b61_pixel\" width=\"0\" height=\"0\"><\/p>\n<input type=\"hidden\" id=\"baseurl\" value=\"https:\/\/noticiasdestaque.com.br\"><input type=\"hidden\" id=\"audio_nonce\" value=\"c9f06e19e6\">","protected":false},"excerpt":{"rendered":"<p>Alta temperatura permanece no RS e se estende a SC<\/p>\n","protected":false},"author":1,"featured_media":43662,"comment_status":"open","ping_status":"open","sticky":false,"template":"","format":"standard","meta":{"fifu_image_url":"","fifu_image_alt":"","footnotes":""},"categories":[58],"tags":[],"class_list":["post-43661","post","type-post","status-publish","format-standard","has-post-thumbnail","hentry","category-cotidiano"],"distributor_meta":false,"distributor_terms":false,"distributor_media":false,"distributor_original_site_name":"Noticias em Destaque","distributor_original_site_url":"https:\/\/noticiasdestaque.com.br","push-errors":false,"_links":{"self":[{"href":"https:\/\/noticiasdestaque.com.br\/index.php\/wp-json\/wp\/v2\/posts\/43661","targetHints":{"allow":["GET"]}}],"collection":[{"href":"https:\/\/noticiasdestaque.com.br\/index.php\/wp-json\/wp\/v2\/posts"}],"about":[{"href":"https:\/\/noticiasdestaque.com.br\/index.php\/wp-json\/wp\/v2\/types\/post"}],"author":[{"embeddable":true,"href":"https:\/\/noticiasdestaque.com.br\/index.php\/wp-json\/wp\/v2\/users\/1"}],"replies":[{"embeddable":true,"href":"https:\/\/noticiasdestaque.com.br\/index.php\/wp-json\/wp\/v2\/comments?post=43661"}],"version-history":[{"count":0,"href":"https:\/\/noticiasdestaque.com.br\/index.php\/wp-json\/wp\/v2\/posts\/43661\/revisions"}],"wp:featuredmedia":[{"embeddable":true,"href":"https:\/\/noticiasdestaque.com.br\/index.php\/wp-json\/wp\/v2\/media\/43662"}],"wp:attachment":[{"href":"https:\/\/noticiasdestaque.com.br\/index.php\/wp-json\/wp\/v2\/media?parent=43661"}],"wp:term":[{"taxonomy":"category","embeddable":true,"href":"https:\/\/noticiasdestaque.com.br\/index.php\/wp-json\/wp\/v2\/categories?post=43661"},{"taxonomy":"post_tag","embeddable":true,"href":"https:\/\/noticiasdestaque.com.br\/index.php\/wp-json\/wp\/v2\/tags?post=43661"}],"curies":[{"name":"wp","href":"https:\/\/api.w.org\/{rel}","templated":true}]}}