{"id":43657,"date":"2025-03-16T18:00:00","date_gmt":"2025-03-16T21:00:00","guid":{"rendered":"https:\/\/noticiasdestaque.com.br\/index.php\/2025\/03\/16\/previsao-do-tempo-segunda-feira-17-de-ceu-encoberto-no-sudeste\/"},"modified":"2025-03-16T18:00:00","modified_gmt":"2025-03-16T21:00:00","slug":"previsao-do-tempo-segunda-feira-17-de-ceu-encoberto-no-sudeste","status":"publish","type":"post","link":"https:\/\/noticiasdestaque.com.br\/index.php\/2025\/03\/16\/previsao-do-tempo-segunda-feira-17-de-ceu-encoberto-no-sudeste\/","title":{"rendered":"PREVIS\u00c3O DO TEMPO: segunda-feira (17) de c\u00e9u encoberto no Sudeste"},"content":{"rendered":"<p>\t\t\t\t\t\t\t\t\t\t<audio controls class=\"b61_audio_player\" data-noticia=\"80810\" src=\"https:\/\/brasil61.com\/rails\/active_storage\/blobs\/eyJfcmFpbHMiOnsibWVzc2FnZSI6IkJBaHBBMkE5QXc9PSIsImV4cCI6bnVsbCwicHVyIjoiYmxvYl9pZCJ9fQ==--c19a73216714e98507e24c975d67288e9fa57af0\/PTSD254001A\"><\/audio><\/p>\n<p>Previs\u00e3o de tempo encoberto em todo territ\u00f3rio da regi\u00e3o Sudeste, nesta segunda-feira (17).<\/p>\n<p>Pela manh\u00e3, previs\u00e3o de chuva em S\u00e3o Paulo, Rio de Janeiro, Esp\u00edrito Santo e parte de Minas Gerais.\u00a0<\/p>\n<p>O Instituto Nacional de Meteorologia, Inmet, emitiu alertas de chuvas intensas, com volumes que podem chegar aos 50mm\/dia, para as seguintes \u00e1reas: Tri\u00e2ngulo Mineiro\/Alto Parana\u00edba, Campo das Vertentes, Metropolitana de Belo Horizonte, Sul\/Sudoeste, Oeste, Noroeste \u00a0e Central de Minas Gerais; Noroeste, Centro, Norte e Sul fluminense; Sul Esp\u00edrito-santense; e nas regi\u00f5es paulistas de S\u00e3o Jos\u00e9 do Rio Preto, Campinas, Piracicaba, Bauru, Ribeir\u00e3o Preto, Ara\u00e7atuba, Mar\u00edlia, Araraquara, Vale do Para\u00edba Paulista e Macro Metropolitana Paulista.<\/p>\n<p>Entre as capitais, temperaturas m\u00ednimas de 18\u00baC em S\u00e3o Paulo (SP) e de 20\u00baC em Belo Horizonte (MG). M\u00e1ximas de 28\u00baC no Rio de Janeiro (RJ) e de 33\u00baC em Vit\u00f3ria (ES).<\/p>\n<p>As informa\u00e7\u00f5es s\u00e3o do Instituto Nacional de Meteorologia.<\/p>\n<p>\t\t\t\t\t\t\t\t\t<img loading=\"lazy\" decoding=\"async\" src=\"https:\/\/brasil61.com\/api\/v1\/serve_pixel\/17677\/80810\" alt=\"Pixel Brasil 61\" class=\"b61_pixel\" width=\"0\" height=\"0\"><\/p>\n<input type=\"hidden\" id=\"baseurl\" value=\"https:\/\/noticiasdestaque.com.br\"><input type=\"hidden\" id=\"audio_nonce\" value=\"34245022d4\">","protected":false},"excerpt":{"rendered":"<p>Pela manh\u00e3, previs\u00e3o de chuva em S\u00e3o Paulo, Rio de Janeiro, Esp\u00edrito Santo e parte de Minas Gerais. <\/p>\n","protected":false},"author":1,"featured_media":43658,"comment_status":"open","ping_status":"open","sticky":false,"template":"","format":"standard","meta":{"fifu_image_url":"","fifu_image_alt":"","footnotes":""},"categories":[58],"tags":[],"class_list":["post-43657","post","type-post","status-publish","format-standard","has-post-thumbnail","hentry","category-cotidiano"],"distributor_meta":false,"distributor_terms":false,"distributor_media":false,"distributor_original_site_name":"Noticias em Destaque","distributor_original_site_url":"https:\/\/noticiasdestaque.com.br","push-errors":false,"_links":{"self":[{"href":"https:\/\/noticiasdestaque.com.br\/index.php\/wp-json\/wp\/v2\/posts\/43657","targetHints":{"allow":["GET"]}}],"collection":[{"href":"https:\/\/noticiasdestaque.com.br\/index.php\/wp-json\/wp\/v2\/posts"}],"about":[{"href":"https:\/\/noticiasdestaque.com.br\/index.php\/wp-json\/wp\/v2\/types\/post"}],"author":[{"embeddable":true,"href":"https:\/\/noticiasdestaque.com.br\/index.php\/wp-json\/wp\/v2\/users\/1"}],"replies":[{"embeddable":true,"href":"https:\/\/noticiasdestaque.com.br\/index.php\/wp-json\/wp\/v2\/comments?post=43657"}],"version-history":[{"count":0,"href":"https:\/\/noticiasdestaque.com.br\/index.php\/wp-json\/wp\/v2\/posts\/43657\/revisions"}],"wp:featuredmedia":[{"embeddable":true,"href":"https:\/\/noticiasdestaque.com.br\/index.php\/wp-json\/wp\/v2\/media\/43658"}],"wp:attachment":[{"href":"https:\/\/noticiasdestaque.com.br\/index.php\/wp-json\/wp\/v2\/media?parent=43657"}],"wp:term":[{"taxonomy":"category","embeddable":true,"href":"https:\/\/noticiasdestaque.com.br\/index.php\/wp-json\/wp\/v2\/categories?post=43657"},{"taxonomy":"post_tag","embeddable":true,"href":"https:\/\/noticiasdestaque.com.br\/index.php\/wp-json\/wp\/v2\/tags?post=43657"}],"curies":[{"name":"wp","href":"https:\/\/api.w.org\/{rel}","templated":true}]}}