{"id":43627,"date":"2025-02-19T18:00:00","date_gmt":"2025-02-19T21:00:00","guid":{"rendered":"https:\/\/noticiasdestaque.com.br\/index.php\/2025\/02\/19\/previsao-do-tempo-sul-tera-muitas-nuvens-e-chuva-isolada-nesta-quinta-feira-20\/"},"modified":"2025-02-19T18:00:00","modified_gmt":"2025-02-19T21:00:00","slug":"previsao-do-tempo-sul-tera-muitas-nuvens-e-chuva-isolada-nesta-quinta-feira-20","status":"publish","type":"post","link":"https:\/\/noticiasdestaque.com.br\/index.php\/2025\/02\/19\/previsao-do-tempo-sul-tera-muitas-nuvens-e-chuva-isolada-nesta-quinta-feira-20\/","title":{"rendered":"PREVIS\u00c3O DO TEMPO: Sul ter\u00e1 muitas nuvens e chuva isolada, nesta quinta-feira (20)"},"content":{"rendered":"<p>\t\t\t\t\t\t\t\t\t\t<audio controls class=\"b61_audio_player\" data-noticia=\"80361\" src=\"https:\/\/brasil61.com\/rails\/active_storage\/blobs\/eyJfcmFpbHMiOnsibWVzc2FnZSI6IkJBaHBBK2cxQXc9PSIsImV4cCI6bnVsbCwicHVyIjoiYmxvYl9pZCJ9fQ==--5302cb55ab5b338b5e0c57015e867b90a34da188\/PTRS253860A\"><\/audio><\/p>\n<p>A regi\u00e3o Sul do pa\u00eds ter\u00e1 muitas nuvens e chuva isolada em grande parte do territ\u00f3rio, nesta quinta-feira (20). Condi\u00e7\u00e3o ser\u00e1 notada no sul de Santa Catarina e do Rio Grande do Sul.\u00a0<\/p>\n<p>Chuvas intensas de perigo potencial, de at\u00e9 50 mm, para o Paran\u00e1. As \u00e1reas afetadas ser\u00e3o:\u00a0Norte Pioneiro,\u00a0Noroeste,\u00a0Norte Central, Centro Oriental ,Centro Ocidental,\u00a0Centro-Sul\u00a0e Oeste Paranaense.<\/p>\n<p>\u00a0Muitas nuvens com pancadas de chuva e trovoadas isoladas para o Paran\u00e1 ao longo do dia e para norte catarinense.\u00a0<\/p>\n<p>J\u00e1 oeste do Rio Grande do Sul deve ter c\u00e9u com poucas nuvens.\u00a0<\/p>\n<p>Entre as capitais, a temperatura m\u00ednima prevista \u00e9 de 20\u00b0C, em Curitiba. J\u00e1 a m\u00e1xima pode chegar a 29\u00b0C, em Porto Alegre.\u00a0<\/p>\n<p>As informa\u00e7\u00f5es s\u00e3o do Instituto Nacional de Meteorologia. \u00a0<\/p>\n<p>\u00a0<\/p>\n<p>\t\t\t\t\t\t\t\t\t<img loading=\"lazy\" decoding=\"async\" src=\"https:\/\/brasil61.com\/api\/v1\/serve_pixel\/17677\/80361\" alt=\"Pixel Brasil 61\" class=\"b61_pixel\" width=\"0\" height=\"0\"><\/p>\n<input type=\"hidden\" id=\"baseurl\" value=\"https:\/\/noticiasdestaque.com.br\"><input type=\"hidden\" id=\"audio_nonce\" value=\"581f3017e1\">","protected":false},"excerpt":{"rendered":"<p>Oeste do RS deve ter poucas nuvens <\/p>\n","protected":false},"author":1,"featured_media":43628,"comment_status":"open","ping_status":"open","sticky":false,"template":"","format":"standard","meta":{"fifu_image_url":"","fifu_image_alt":"","footnotes":""},"categories":[58],"tags":[],"class_list":["post-43627","post","type-post","status-publish","format-standard","has-post-thumbnail","hentry","category-cotidiano"],"distributor_meta":false,"distributor_terms":false,"distributor_media":false,"distributor_original_site_name":"Noticias em Destaque","distributor_original_site_url":"https:\/\/noticiasdestaque.com.br","push-errors":false,"_links":{"self":[{"href":"https:\/\/noticiasdestaque.com.br\/index.php\/wp-json\/wp\/v2\/posts\/43627","targetHints":{"allow":["GET"]}}],"collection":[{"href":"https:\/\/noticiasdestaque.com.br\/index.php\/wp-json\/wp\/v2\/posts"}],"about":[{"href":"https:\/\/noticiasdestaque.com.br\/index.php\/wp-json\/wp\/v2\/types\/post"}],"author":[{"embeddable":true,"href":"https:\/\/noticiasdestaque.com.br\/index.php\/wp-json\/wp\/v2\/users\/1"}],"replies":[{"embeddable":true,"href":"https:\/\/noticiasdestaque.com.br\/index.php\/wp-json\/wp\/v2\/comments?post=43627"}],"version-history":[{"count":0,"href":"https:\/\/noticiasdestaque.com.br\/index.php\/wp-json\/wp\/v2\/posts\/43627\/revisions"}],"wp:featuredmedia":[{"embeddable":true,"href":"https:\/\/noticiasdestaque.com.br\/index.php\/wp-json\/wp\/v2\/media\/43628"}],"wp:attachment":[{"href":"https:\/\/noticiasdestaque.com.br\/index.php\/wp-json\/wp\/v2\/media?parent=43627"}],"wp:term":[{"taxonomy":"category","embeddable":true,"href":"https:\/\/noticiasdestaque.com.br\/index.php\/wp-json\/wp\/v2\/categories?post=43627"},{"taxonomy":"post_tag","embeddable":true,"href":"https:\/\/noticiasdestaque.com.br\/index.php\/wp-json\/wp\/v2\/tags?post=43627"}],"curies":[{"name":"wp","href":"https:\/\/api.w.org\/{rel}","templated":true}]}}