{"id":43599,"date":"2025-02-23T18:00:00","date_gmt":"2025-02-23T21:00:00","guid":{"rendered":"https:\/\/noticiasdestaque.com.br\/index.php\/2025\/02\/23\/previsao-do-tempo-chuvas-intensas-em-parte-do-norte-nesta-segunda-feira-24\/"},"modified":"2025-02-23T18:00:00","modified_gmt":"2025-02-23T21:00:00","slug":"previsao-do-tempo-chuvas-intensas-em-parte-do-norte-nesta-segunda-feira-24","status":"publish","type":"post","link":"https:\/\/noticiasdestaque.com.br\/index.php\/2025\/02\/23\/previsao-do-tempo-chuvas-intensas-em-parte-do-norte-nesta-segunda-feira-24\/","title":{"rendered":"PREVIS\u00c3O DO TEMPO: Chuvas intensas em parte do Norte, nesta segunda-feira (24)"},"content":{"rendered":"<p>Segunda-feira (24) com previs\u00e3o de chuvas intensas no Acre, Amazonas, Rond\u00f4nia e regi\u00f5es do Par\u00e1 e do Amap\u00e1.<\/p>\n<p>O Instituto Nacional de Meteorologia, Inmet, emitiu alerta de chuvas com volumes de at\u00e9 100 mm\/dia e ventos intensos para as seguintes \u00e1reas: Nordeste Paraense, Maraj\u00f3, Baixo Amazonas, Sudoeste Paraense, Metropolitana de Bel\u00e9m; Norte e Sul do Amap\u00e1; Vale do Acre \u00a0 e Vale do Juru\u00e1; Leste Rondoniense e Madeira-Guapor\u00e9; e para o Centro, Sudoeste, Sul e Norte Amazonense.<\/p>\n<p>Entre as capitais, temperaturas m\u00ednimas de 22\u00baC em Palmas (TO) e de 23\u00baC em Porto Velho (RO) e Macap\u00e1 (AP). M\u00e1ximas de 28\u00baC em Bel\u00e9m (28), de 30\u00baC em Manaus (AM) e Rio Branco (AC), e de 36\u00baC em Boa Vista (RR).<\/p>\n<p>As informa\u00e7\u00f5es s\u00e3o do Instituto Nacional de Meteorologia.<br \/>\n\u00a0<\/p>\n<p>\t\t\t\t\t\t\t\t\t<img loading=\"lazy\" decoding=\"async\" src=\"https:\/\/brasil61.com\/api\/v1\/serve_pixel\/17677\/80442\" alt=\"Pixel Brasil 61\" class=\"b61_pixel\" width=\"0\" height=\"0\"><\/p>\n<input type=\"hidden\" id=\"baseurl\" value=\"https:\/\/noticiasdestaque.com.br\"><input type=\"hidden\" id=\"audio_nonce\" value=\"6f73a554f1\">","protected":false},"excerpt":{"rendered":"<p>Alerta do Inmet vale para o Acre, Amazonas, Rond\u00f4nia e regi\u00f5es do Par\u00e1 e do Amap\u00e1.<\/p>\n","protected":false},"author":1,"featured_media":43600,"comment_status":"open","ping_status":"open","sticky":false,"template":"","format":"standard","meta":{"fifu_image_url":"","fifu_image_alt":"","footnotes":""},"categories":[58],"tags":[],"class_list":["post-43599","post","type-post","status-publish","format-standard","has-post-thumbnail","hentry","category-cotidiano"],"distributor_meta":false,"distributor_terms":false,"distributor_media":false,"distributor_original_site_name":"Noticias em Destaque","distributor_original_site_url":"https:\/\/noticiasdestaque.com.br","push-errors":false,"_links":{"self":[{"href":"https:\/\/noticiasdestaque.com.br\/index.php\/wp-json\/wp\/v2\/posts\/43599","targetHints":{"allow":["GET"]}}],"collection":[{"href":"https:\/\/noticiasdestaque.com.br\/index.php\/wp-json\/wp\/v2\/posts"}],"about":[{"href":"https:\/\/noticiasdestaque.com.br\/index.php\/wp-json\/wp\/v2\/types\/post"}],"author":[{"embeddable":true,"href":"https:\/\/noticiasdestaque.com.br\/index.php\/wp-json\/wp\/v2\/users\/1"}],"replies":[{"embeddable":true,"href":"https:\/\/noticiasdestaque.com.br\/index.php\/wp-json\/wp\/v2\/comments?post=43599"}],"version-history":[{"count":0,"href":"https:\/\/noticiasdestaque.com.br\/index.php\/wp-json\/wp\/v2\/posts\/43599\/revisions"}],"wp:featuredmedia":[{"embeddable":true,"href":"https:\/\/noticiasdestaque.com.br\/index.php\/wp-json\/wp\/v2\/media\/43600"}],"wp:attachment":[{"href":"https:\/\/noticiasdestaque.com.br\/index.php\/wp-json\/wp\/v2\/media?parent=43599"}],"wp:term":[{"taxonomy":"category","embeddable":true,"href":"https:\/\/noticiasdestaque.com.br\/index.php\/wp-json\/wp\/v2\/categories?post=43599"},{"taxonomy":"post_tag","embeddable":true,"href":"https:\/\/noticiasdestaque.com.br\/index.php\/wp-json\/wp\/v2\/tags?post=43599"}],"curies":[{"name":"wp","href":"https:\/\/api.w.org\/{rel}","templated":true}]}}