{"id":43595,"date":"2025-03-30T18:00:00","date_gmt":"2025-03-30T21:00:00","guid":{"rendered":"https:\/\/noticiasdestaque.com.br\/index.php\/2025\/03\/30\/previsao-do-tempo-sul-tera-muitas-nuvens-com-pancadas-de-chuva-isoladas-neste-domingo-30\/"},"modified":"2025-03-30T18:00:00","modified_gmt":"2025-03-30T21:00:00","slug":"previsao-do-tempo-sul-tera-muitas-nuvens-com-pancadas-de-chuva-isoladas-neste-domingo-30","status":"publish","type":"post","link":"https:\/\/noticiasdestaque.com.br\/index.php\/2025\/03\/30\/previsao-do-tempo-sul-tera-muitas-nuvens-com-pancadas-de-chuva-isoladas-neste-domingo-30\/","title":{"rendered":"PREVIS\u00c3O DO TEMPO: Sul ter\u00e1 muitas nuvens com pancadas de chuva isoladas, neste domingo (30)"},"content":{"rendered":"<p>\t\t\t\t\t\t\t\t\t\t<audio controls class=\"b61_audio_player\" data-noticia=\"81072\" src=\"https:\/\/brasil61.com\/rails\/active_storage\/blobs\/eyJfcmFpbHMiOnsibWVzc2FnZSI6IkJBaHBBMDFDQXc9PSIsImV4cCI6bnVsbCwicHVyIjoiYmxvYl9pZCJ9fQ==--7a11de1be9840029ff0f79ee76b4583adb5788e3\/PTRS253897A\"><\/audio><\/p>\n<p>Neste domingo (30), a regi\u00e3o Sul do pa\u00eds ter\u00e1 muitas nuvens com pancadas de chuva isoladas. A condi\u00e7\u00e3o ser\u00e1 notada ao longo dos litorais de SC, RS e do PR.<\/p>\n<p>A previs\u00e3o \u00e9 semelhante para as regi\u00f5es norte, sul e oeste dos estados sulistas. J\u00e1 para a central paranaense, catarinense e rio-grandense, apenas c\u00e9u com muitas nuvens.<\/p>\n<p>A capital Curitiba concentra as temperaturas m\u00ednima e m\u00e1xima na regi\u00e3o, com 17\u00b0 de m\u00ednima podendo chegar a 32\u00b0 neste domingo.\u00a0<\/p>\n<p>As informa\u00e7\u00f5es s\u00e3o do Instituto Nacional de Meteorologia. \u00a0<\/p>\n<p>\u00a0<\/p>\n<p>\t\t\t\t\t\t\t\t\t<img loading=\"lazy\" decoding=\"async\" src=\"https:\/\/brasil61.com\/api\/v1\/serve_pixel\/17677\/81072\" alt=\"Pixel Brasil 61\" class=\"b61_pixel\" width=\"0\" height=\"0\"><\/p>\n<input type=\"hidden\" id=\"baseurl\" value=\"https:\/\/noticiasdestaque.com.br\"><input type=\"hidden\" id=\"audio_nonce\" value=\"6f73a554f1\">","protected":false},"excerpt":{"rendered":"<p>Litorais de SC, RS e PR ser\u00e3o chuvosos<\/p>\n","protected":false},"author":1,"featured_media":43596,"comment_status":"open","ping_status":"open","sticky":false,"template":"","format":"standard","meta":{"fifu_image_url":"","fifu_image_alt":"","footnotes":""},"categories":[58],"tags":[],"class_list":["post-43595","post","type-post","status-publish","format-standard","has-post-thumbnail","hentry","category-cotidiano"],"distributor_meta":false,"distributor_terms":false,"distributor_media":false,"distributor_original_site_name":"Noticias em Destaque","distributor_original_site_url":"https:\/\/noticiasdestaque.com.br","push-errors":false,"_links":{"self":[{"href":"https:\/\/noticiasdestaque.com.br\/index.php\/wp-json\/wp\/v2\/posts\/43595","targetHints":{"allow":["GET"]}}],"collection":[{"href":"https:\/\/noticiasdestaque.com.br\/index.php\/wp-json\/wp\/v2\/posts"}],"about":[{"href":"https:\/\/noticiasdestaque.com.br\/index.php\/wp-json\/wp\/v2\/types\/post"}],"author":[{"embeddable":true,"href":"https:\/\/noticiasdestaque.com.br\/index.php\/wp-json\/wp\/v2\/users\/1"}],"replies":[{"embeddable":true,"href":"https:\/\/noticiasdestaque.com.br\/index.php\/wp-json\/wp\/v2\/comments?post=43595"}],"version-history":[{"count":0,"href":"https:\/\/noticiasdestaque.com.br\/index.php\/wp-json\/wp\/v2\/posts\/43595\/revisions"}],"wp:featuredmedia":[{"embeddable":true,"href":"https:\/\/noticiasdestaque.com.br\/index.php\/wp-json\/wp\/v2\/media\/43596"}],"wp:attachment":[{"href":"https:\/\/noticiasdestaque.com.br\/index.php\/wp-json\/wp\/v2\/media?parent=43595"}],"wp:term":[{"taxonomy":"category","embeddable":true,"href":"https:\/\/noticiasdestaque.com.br\/index.php\/wp-json\/wp\/v2\/categories?post=43595"},{"taxonomy":"post_tag","embeddable":true,"href":"https:\/\/noticiasdestaque.com.br\/index.php\/wp-json\/wp\/v2\/tags?post=43595"}],"curies":[{"name":"wp","href":"https:\/\/api.w.org\/{rel}","templated":true}]}}