{"id":43587,"date":"2025-02-20T18:00:00","date_gmt":"2025-02-20T21:00:00","guid":{"rendered":"https:\/\/noticiasdestaque.com.br\/index.php\/2025\/02\/20\/previsao-do-tempo-sudeste-tera-sexta-feira-21-de-chuva-intensa-em-parte-do-estado-de-sao-paulo\/"},"modified":"2025-02-20T18:00:00","modified_gmt":"2025-02-20T21:00:00","slug":"previsao-do-tempo-sudeste-tera-sexta-feira-21-de-chuva-intensa-em-parte-do-estado-de-sao-paulo","status":"publish","type":"post","link":"https:\/\/noticiasdestaque.com.br\/index.php\/2025\/02\/20\/previsao-do-tempo-sudeste-tera-sexta-feira-21-de-chuva-intensa-em-parte-do-estado-de-sao-paulo\/","title":{"rendered":"PREVIS\u00c3O DO TEMPO: Sudeste ter\u00e1 sexta-feira (21) de chuva intensa em parte do estado de S\u00e3o Paulo"},"content":{"rendered":"<p>\t\t\t\t\t\t\t\t\t\t<audio controls class=\"b61_audio_player\" data-noticia=\"80382\" src=\"https:\/\/brasil61.com\/rails\/active_storage\/blobs\/eyJfcmFpbHMiOnsibWVzc2FnZSI6IkJBaHBBMDQyQXc9PSIsImV4cCI6bnVsbCwicHVyIjoiYmxvYl9pZCJ9fQ==--fbc7b8e8c3b1c2910230b600631e0be60a3afecf\/PTSD253979A\"><\/audio><\/p>\n<p>O Sudeste brasileiro ter\u00e1, nesta sexta-feira (21), chuva intensa em parte do estado de S\u00e3o Paulo. Nas regi\u00f5es de Campinas, Sorocaba, Registro, S\u00e3o Paulo e S\u00e3o Jos\u00e9 dos Campos, a previs\u00e3o \u00e9 de pancadas de chuva e trovoadas isoladas.\u00a0<\/p>\n<p>Em Minas Gerais, as chuvas se limitam a uma pequena \u00e1rea do sul do estado. Em cidades como Senador Amaral e Parais\u00f3polis, a previs\u00e3o \u00e9 de c\u00e9u com muitas nuvens e pancadas de chuva.\u00a0<\/p>\n<p>J\u00e1 no Rio de Janeiro, s\u00f3 deve chover no sul do estado. H\u00e1, ainda, possibilidade de chuva em parte do norte do Esp\u00edrito Santo. Nas demais \u00e1reas da regi\u00e3o, apenas varia\u00e7\u00e3o entre muitas e poucas nuvens.\u00a0<\/p>\n<p>Entre as capitais, a temperatura m\u00ednima pode chegar a 18\u00b0C, em Belo Horizonte. J\u00e1 a m\u00e1xima prevista \u00e9 de 32\u00b0C, no Rio de Janeiro. A umidade relativa do ar varia entre 20% e 100%.\u00a0<\/p>\n<p>As informa\u00e7\u00f5es s\u00e3o do Instituto Nacional de Meteorologia (INMET).\u00a0<br \/>\n\u00a0<\/p>\n<p>\t\t\t\t\t\t\t\t\t<img loading=\"lazy\" decoding=\"async\" src=\"https:\/\/brasil61.com\/api\/v1\/serve_pixel\/17677\/80382\" alt=\"Pixel Brasil 61\" class=\"b61_pixel\" width=\"0\" height=\"0\"><\/p>\n<input type=\"hidden\" id=\"baseurl\" value=\"https:\/\/noticiasdestaque.com.br\"><input type=\"hidden\" id=\"audio_nonce\" value=\"6a24ca502e\">","protected":false},"excerpt":{"rendered":"<p>Em Minas Gerais, as chuvas se limitam a uma pequena \u00e1rea do sul do estado. <\/p>\n","protected":false},"author":1,"featured_media":43588,"comment_status":"open","ping_status":"open","sticky":false,"template":"","format":"standard","meta":{"fifu_image_url":"","fifu_image_alt":"","footnotes":""},"categories":[58],"tags":[],"class_list":["post-43587","post","type-post","status-publish","format-standard","has-post-thumbnail","hentry","category-cotidiano"],"distributor_meta":false,"distributor_terms":false,"distributor_media":false,"distributor_original_site_name":"Noticias em Destaque","distributor_original_site_url":"https:\/\/noticiasdestaque.com.br","push-errors":false,"_links":{"self":[{"href":"https:\/\/noticiasdestaque.com.br\/index.php\/wp-json\/wp\/v2\/posts\/43587","targetHints":{"allow":["GET"]}}],"collection":[{"href":"https:\/\/noticiasdestaque.com.br\/index.php\/wp-json\/wp\/v2\/posts"}],"about":[{"href":"https:\/\/noticiasdestaque.com.br\/index.php\/wp-json\/wp\/v2\/types\/post"}],"author":[{"embeddable":true,"href":"https:\/\/noticiasdestaque.com.br\/index.php\/wp-json\/wp\/v2\/users\/1"}],"replies":[{"embeddable":true,"href":"https:\/\/noticiasdestaque.com.br\/index.php\/wp-json\/wp\/v2\/comments?post=43587"}],"version-history":[{"count":0,"href":"https:\/\/noticiasdestaque.com.br\/index.php\/wp-json\/wp\/v2\/posts\/43587\/revisions"}],"wp:featuredmedia":[{"embeddable":true,"href":"https:\/\/noticiasdestaque.com.br\/index.php\/wp-json\/wp\/v2\/media\/43588"}],"wp:attachment":[{"href":"https:\/\/noticiasdestaque.com.br\/index.php\/wp-json\/wp\/v2\/media?parent=43587"}],"wp:term":[{"taxonomy":"category","embeddable":true,"href":"https:\/\/noticiasdestaque.com.br\/index.php\/wp-json\/wp\/v2\/categories?post=43587"},{"taxonomy":"post_tag","embeddable":true,"href":"https:\/\/noticiasdestaque.com.br\/index.php\/wp-json\/wp\/v2\/tags?post=43587"}],"curies":[{"name":"wp","href":"https:\/\/api.w.org\/{rel}","templated":true}]}}