{"id":43579,"date":"2025-03-28T18:00:00","date_gmt":"2025-03-28T21:00:00","guid":{"rendered":"https:\/\/noticiasdestaque.com.br\/index.php\/2025\/03\/28\/previsao-do-tempo-norte-com-alerta-laranja-de-chuvas-intensas-3\/"},"modified":"2025-03-28T18:00:00","modified_gmt":"2025-03-28T21:00:00","slug":"previsao-do-tempo-norte-com-alerta-laranja-de-chuvas-intensas-3","status":"publish","type":"post","link":"https:\/\/noticiasdestaque.com.br\/index.php\/2025\/03\/28\/previsao-do-tempo-norte-com-alerta-laranja-de-chuvas-intensas-3\/","title":{"rendered":"PREVIS\u00c3O DO TEMPO: Norte com alerta laranja de chuvas intensas"},"content":{"rendered":"<p>\t\t\t\t\t\t\t\t\t\t<audio controls class=\"b61_audio_player\" data-noticia=\"81067\" src=\"https:\/\/brasil61.com\/rails\/active_storage\/blobs\/eyJfcmFpbHMiOnsibWVzc2FnZSI6IkJBaHBBME5DQXc9PSIsImV4cCI6bnVsbCwicHVyIjoiYmxvYl9pZCJ9fQ==--579bc752b484d6dda1cd7987bf8616a6a1b6688a\/PTRN254378A\"><\/audio><\/p>\n<p>Neste s\u00e1bado (29), praticamente todas as \u00e1reas da Regi\u00e3o Norte continuam em aten\u00e7\u00e3o para pancadas de chuva, entre fortes e moderadas \u2013 somente o norte de Roraima fica fora da \u00e1rea de risco e deve ter um s\u00e1bado com tempo mais firme. H\u00e1 risco de raios e ventania.\u00a0<\/p>\n<p>O alerta amarelo, que indica perigo potencial, com chance de chuvas fortes e acumuladas, vale para todos os estados da regi\u00e3o. Outro alerta emitido, que indica perigo e risco de alagamentos, ventanias e queda de \u00e1rvores, vale para o noroeste do Par\u00e1 e todo o estado do Amap\u00e1, onde h\u00e1 previs\u00e3o de rajadas de vento e raios.<\/p>\n<p>Segundo o Inmet, enquanto as temperaturas no Norte do pa\u00eds est\u00e3o dentro da m\u00e9dia para o per\u00edodo, as chuvas ficaram em n\u00edveis acima do que vem sendo registrado nos \u00faltimos anos.\u00a0<\/p>\n<p>As capitais com maior volume de chuva previsto para hoje s\u00e3o Porto Velho, com 30\u00baC de m\u00e1xima. J\u00e1 Macap\u00e1, Manaus e Bel\u00e9m chegam a 33\u00baC.\u00a0<\/p>\n<p>O tempo fica mais firme em Rio Branco e Palmas. J\u00e1 em Boa Vista, com sol e sem chuva, a temperatura atinge os 37\u00baC.\u00a0<\/p>\n<p>As informa\u00e7\u00f5es s\u00e3o do Inmet<\/p>\n<p>\n\u00a0<\/p>\n<p>\t\t\t\t\t\t\t\t\t<img loading=\"lazy\" decoding=\"async\" src=\"https:\/\/brasil61.com\/api\/v1\/serve_pixel\/17677\/81067\" alt=\"Pixel Brasil 61\" class=\"b61_pixel\" width=\"0\" height=\"0\"><\/p>\n<input type=\"hidden\" id=\"baseurl\" value=\"https:\/\/noticiasdestaque.com.br\"><input type=\"hidden\" id=\"audio_nonce\" value=\"6f73a554f1\">","protected":false},"excerpt":{"rendered":"<p>Par\u00e1 e Amap\u00e1 sob alerta de temporais <\/p>\n","protected":false},"author":1,"featured_media":43580,"comment_status":"open","ping_status":"open","sticky":false,"template":"","format":"standard","meta":{"fifu_image_url":"","fifu_image_alt":"","footnotes":""},"categories":[58],"tags":[],"class_list":["post-43579","post","type-post","status-publish","format-standard","has-post-thumbnail","hentry","category-cotidiano"],"distributor_meta":false,"distributor_terms":false,"distributor_media":false,"distributor_original_site_name":"Noticias em Destaque","distributor_original_site_url":"https:\/\/noticiasdestaque.com.br","push-errors":false,"_links":{"self":[{"href":"https:\/\/noticiasdestaque.com.br\/index.php\/wp-json\/wp\/v2\/posts\/43579","targetHints":{"allow":["GET"]}}],"collection":[{"href":"https:\/\/noticiasdestaque.com.br\/index.php\/wp-json\/wp\/v2\/posts"}],"about":[{"href":"https:\/\/noticiasdestaque.com.br\/index.php\/wp-json\/wp\/v2\/types\/post"}],"author":[{"embeddable":true,"href":"https:\/\/noticiasdestaque.com.br\/index.php\/wp-json\/wp\/v2\/users\/1"}],"replies":[{"embeddable":true,"href":"https:\/\/noticiasdestaque.com.br\/index.php\/wp-json\/wp\/v2\/comments?post=43579"}],"version-history":[{"count":0,"href":"https:\/\/noticiasdestaque.com.br\/index.php\/wp-json\/wp\/v2\/posts\/43579\/revisions"}],"wp:featuredmedia":[{"embeddable":true,"href":"https:\/\/noticiasdestaque.com.br\/index.php\/wp-json\/wp\/v2\/media\/43580"}],"wp:attachment":[{"href":"https:\/\/noticiasdestaque.com.br\/index.php\/wp-json\/wp\/v2\/media?parent=43579"}],"wp:term":[{"taxonomy":"category","embeddable":true,"href":"https:\/\/noticiasdestaque.com.br\/index.php\/wp-json\/wp\/v2\/categories?post=43579"},{"taxonomy":"post_tag","embeddable":true,"href":"https:\/\/noticiasdestaque.com.br\/index.php\/wp-json\/wp\/v2\/tags?post=43579"}],"curies":[{"name":"wp","href":"https:\/\/api.w.org\/{rel}","templated":true}]}}