{"id":43560,"date":"2025-02-22T18:00:00","date_gmt":"2025-02-22T21:00:00","guid":{"rendered":"https:\/\/noticiasdestaque.com.br\/index.php\/2025\/02\/22\/previsao-do-tempo-para-e-amapa-com-previsao-de-chuvas-intensas\/"},"modified":"2025-02-22T18:00:00","modified_gmt":"2025-02-22T21:00:00","slug":"previsao-do-tempo-para-e-amapa-com-previsao-de-chuvas-intensas","status":"publish","type":"post","link":"https:\/\/noticiasdestaque.com.br\/index.php\/2025\/02\/22\/previsao-do-tempo-para-e-amapa-com-previsao-de-chuvas-intensas\/","title":{"rendered":"PREVIS\u00c3O DO TEMPO: Par\u00e1 e Amap\u00e1 com previs\u00e3o de chuvas intensas"},"content":{"rendered":"<p>\t\t\t\t\t\t\t\t\t\t<audio controls class=\"b61_audio_player\" data-noticia=\"80405\" src=\"https:\/\/brasil61.com\/rails\/active_storage\/blobs\/eyJfcmFpbHMiOnsibWVzc2FnZSI6IkJBaHBBK2syQXc9PSIsImV4cCI6bnVsbCwicHVyIjoiYmxvYl9pZCJ9fQ==--8eb3403e8c4994627543e1e657f9ea59bdfd7ee5\/PTRN254345A\"><\/audio><\/p>\n<p>Domingo chuvoso com alerta de perigo para os estados da Regi\u00e3o Norte, que vale para o noroeste do Par\u00e1 e sudeste do Amap\u00e1. O alerta laranja, de perigo para chuvas intensas, indica risco de alagamentos e queda granizo com corte de energia.<\/p>\n<p>No restante da regi\u00e3o, tamb\u00e9m est\u00e1 previsto o maior volume de chuvas do pa\u00eds, mas sem alerta de perigo emitido.<\/p>\n<p>As capitais mais chuvosas ser\u00e3o Manaus, Bel\u00e9m, Macap\u00e1 e Porto Velho, onde as temperaturas m\u00e1ximas previstas chegam aos 31\u00baC. Em Manaus e Bel\u00e9m chove em \u00e1reas isoladas e h\u00e1 risco de raios. O sol aparece entre nuvens em Rio Branco (AC), Palmas (TO) e Boa Vista (RR), com m\u00e1ximas de at\u00e9 33\u00baC.\u00a0<\/p>\n<p>Em todo o estado do Acre e de Roraima\u00a0a previs\u00e3o \u00e9 de pancadas de chuva, mas o sol deve aparecer entre nuvens.<\/p>\n<p>As informa\u00e7\u00f5es s\u00e3o do Inmet<\/p>\n<p>\n\u00a0<\/p>\n<p>\t\t\t\t\t\t\t\t\t<img loading=\"lazy\" decoding=\"async\" src=\"https:\/\/brasil61.com\/api\/v1\/serve_pixel\/17677\/80405\" alt=\"Pixel Brasil 61\" class=\"b61_pixel\" width=\"0\" height=\"0\"><\/p>\n<input type=\"hidden\" id=\"baseurl\" value=\"https:\/\/noticiasdestaque.com.br\"><input type=\"hidden\" id=\"audio_nonce\" value=\"5128c810d9\">","protected":false},"excerpt":{"rendered":"<p>Estados do Norte t\u00eam o maior ac\u00famulo de chuvas previsto do Brasil, com temporais concentrados no noroeste Par\u00e1 e sudeste do Amap\u00e1<\/p>\n","protected":false},"author":1,"featured_media":43561,"comment_status":"open","ping_status":"open","sticky":false,"template":"","format":"standard","meta":{"fifu_image_url":"","fifu_image_alt":"","footnotes":""},"categories":[58],"tags":[],"class_list":["post-43560","post","type-post","status-publish","format-standard","has-post-thumbnail","hentry","category-cotidiano"],"distributor_meta":false,"distributor_terms":false,"distributor_media":false,"distributor_original_site_name":"Noticias em Destaque","distributor_original_site_url":"https:\/\/noticiasdestaque.com.br","push-errors":false,"_links":{"self":[{"href":"https:\/\/noticiasdestaque.com.br\/index.php\/wp-json\/wp\/v2\/posts\/43560","targetHints":{"allow":["GET"]}}],"collection":[{"href":"https:\/\/noticiasdestaque.com.br\/index.php\/wp-json\/wp\/v2\/posts"}],"about":[{"href":"https:\/\/noticiasdestaque.com.br\/index.php\/wp-json\/wp\/v2\/types\/post"}],"author":[{"embeddable":true,"href":"https:\/\/noticiasdestaque.com.br\/index.php\/wp-json\/wp\/v2\/users\/1"}],"replies":[{"embeddable":true,"href":"https:\/\/noticiasdestaque.com.br\/index.php\/wp-json\/wp\/v2\/comments?post=43560"}],"version-history":[{"count":0,"href":"https:\/\/noticiasdestaque.com.br\/index.php\/wp-json\/wp\/v2\/posts\/43560\/revisions"}],"wp:featuredmedia":[{"embeddable":true,"href":"https:\/\/noticiasdestaque.com.br\/index.php\/wp-json\/wp\/v2\/media\/43561"}],"wp:attachment":[{"href":"https:\/\/noticiasdestaque.com.br\/index.php\/wp-json\/wp\/v2\/media?parent=43560"}],"wp:term":[{"taxonomy":"category","embeddable":true,"href":"https:\/\/noticiasdestaque.com.br\/index.php\/wp-json\/wp\/v2\/categories?post=43560"},{"taxonomy":"post_tag","embeddable":true,"href":"https:\/\/noticiasdestaque.com.br\/index.php\/wp-json\/wp\/v2\/tags?post=43560"}],"curies":[{"name":"wp","href":"https:\/\/api.w.org\/{rel}","templated":true}]}}