{"id":43524,"date":"2025-02-22T18:00:00","date_gmt":"2025-02-22T21:00:00","guid":{"rendered":"https:\/\/noticiasdestaque.com.br\/index.php\/2025\/02\/22\/previsao-do-tempo-calor-continua-no-sudeste-sp-tem-alerta-de-chuvas-intensas\/"},"modified":"2025-02-22T18:00:00","modified_gmt":"2025-02-22T21:00:00","slug":"previsao-do-tempo-calor-continua-no-sudeste-sp-tem-alerta-de-chuvas-intensas","status":"publish","type":"post","link":"https:\/\/noticiasdestaque.com.br\/index.php\/2025\/02\/22\/previsao-do-tempo-calor-continua-no-sudeste-sp-tem-alerta-de-chuvas-intensas\/","title":{"rendered":"PREVIS\u00c3O DO TEMPO: calor continua no Sudeste, SP tem alerta de chuvas intensas"},"content":{"rendered":"<p>\t\t\t\t\t\t\t\t\t\t<audio controls class=\"b61_audio_player\" data-noticia=\"80409\" src=\"https:\/\/brasil61.com\/rails\/active_storage\/blobs\/eyJfcmFpbHMiOnsibWVzc2FnZSI6IkJBaHBBK1UyQXc9PSIsImV4cCI6bnVsbCwicHVyIjoiYmxvYl9pZCJ9fQ==--9e1f0e9a49ccbf86c95db69b122ff9e25296002e\/PTSD253981A\"><\/audio><\/p>\n<p>Com uma leve redu\u00e7\u00e3o nas temperaturas m\u00e1ximas, o calor predomina em todo o Sudeste do pa\u00eds neste domingo. Rio de Janeiro, Esp\u00edrito Santo e quase 100% do estado de Minas Gerais ter\u00e3o um domingo de c\u00e9u claro, poucas nuvens sem previs\u00e3o de chuva e ainda com temperaturas elevadas, s\u00f3 que mais amenas do que na semana passada.\u00a0<\/p>\n<p>Para as capitais, as m\u00e1ximas ficam em 35\u00baC no Rio de Janeiro, Vit\u00f3ria 33\u00baC e Belo Horizonte, 30\u00baC.\u00a0<\/p>\n<p>O alerta de chuvas intensas vem apenas para o estado de S\u00e3o Paulo, sobretudo no litoral, onde pode chover forte, com risco de alagamentos e deslizamentos de terra. O tempo quente, \u00famido e abafado contribui ainda mais para a forma\u00e7\u00e3o de nuvens carregadas. Na capital paulista, os term\u00f4metros marcam 30\u00baC neste domingo.\u00a0<\/p>\n<p>As informa\u00e7\u00f5es s\u00e3o do Inmet.<\/p>\n<p>\n\u00a0<\/p>\n<p>\t\t\t\t\t\t\t\t\t<img loading=\"lazy\" decoding=\"async\" src=\"https:\/\/brasil61.com\/api\/v1\/serve_pixel\/17677\/80409\" alt=\"Pixel Brasil 61\" class=\"b61_pixel\" width=\"0\" height=\"0\"><\/p>\n<input type=\"hidden\" id=\"baseurl\" value=\"https:\/\/noticiasdestaque.com.br\"><input type=\"hidden\" id=\"audio_nonce\" value=\"6f73a554f1\">","protected":false},"excerpt":{"rendered":"<p>Litoral paulista tem perigo de tempestades e risco de alagamentos <\/p>\n","protected":false},"author":1,"featured_media":43525,"comment_status":"open","ping_status":"open","sticky":false,"template":"","format":"standard","meta":{"fifu_image_url":"","fifu_image_alt":"","footnotes":""},"categories":[58],"tags":[],"class_list":["post-43524","post","type-post","status-publish","format-standard","has-post-thumbnail","hentry","category-cotidiano"],"distributor_meta":false,"distributor_terms":false,"distributor_media":false,"distributor_original_site_name":"Noticias em Destaque","distributor_original_site_url":"https:\/\/noticiasdestaque.com.br","push-errors":false,"_links":{"self":[{"href":"https:\/\/noticiasdestaque.com.br\/index.php\/wp-json\/wp\/v2\/posts\/43524","targetHints":{"allow":["GET"]}}],"collection":[{"href":"https:\/\/noticiasdestaque.com.br\/index.php\/wp-json\/wp\/v2\/posts"}],"about":[{"href":"https:\/\/noticiasdestaque.com.br\/index.php\/wp-json\/wp\/v2\/types\/post"}],"author":[{"embeddable":true,"href":"https:\/\/noticiasdestaque.com.br\/index.php\/wp-json\/wp\/v2\/users\/1"}],"replies":[{"embeddable":true,"href":"https:\/\/noticiasdestaque.com.br\/index.php\/wp-json\/wp\/v2\/comments?post=43524"}],"version-history":[{"count":0,"href":"https:\/\/noticiasdestaque.com.br\/index.php\/wp-json\/wp\/v2\/posts\/43524\/revisions"}],"wp:featuredmedia":[{"embeddable":true,"href":"https:\/\/noticiasdestaque.com.br\/index.php\/wp-json\/wp\/v2\/media\/43525"}],"wp:attachment":[{"href":"https:\/\/noticiasdestaque.com.br\/index.php\/wp-json\/wp\/v2\/media?parent=43524"}],"wp:term":[{"taxonomy":"category","embeddable":true,"href":"https:\/\/noticiasdestaque.com.br\/index.php\/wp-json\/wp\/v2\/categories?post=43524"},{"taxonomy":"post_tag","embeddable":true,"href":"https:\/\/noticiasdestaque.com.br\/index.php\/wp-json\/wp\/v2\/tags?post=43524"}],"curies":[{"name":"wp","href":"https:\/\/api.w.org\/{rel}","templated":true}]}}