{"id":43512,"date":"2025-03-28T18:00:00","date_gmt":"2025-03-28T21:00:00","guid":{"rendered":"https:\/\/noticiasdestaque.com.br\/index.php\/2025\/03\/28\/previsao-do-tempo-sabado-de-tempo-firme-no-sudeste\/"},"modified":"2025-03-28T18:00:00","modified_gmt":"2025-03-28T21:00:00","slug":"previsao-do-tempo-sabado-de-tempo-firme-no-sudeste","status":"publish","type":"post","link":"https:\/\/noticiasdestaque.com.br\/index.php\/2025\/03\/28\/previsao-do-tempo-sabado-de-tempo-firme-no-sudeste\/","title":{"rendered":"PREVIS\u00c3O DO TEMPO: S\u00e1bado de tempo firme no Sudeste"},"content":{"rendered":"<p>\t\t\t\t\t\t\t\t\t\t<audio controls class=\"b61_audio_player\" data-noticia=\"81070\" src=\"https:\/\/brasil61.com\/rails\/active_storage\/blobs\/eyJfcmFpbHMiOnsibWVzc2FnZSI6IkJBaHBBMFZDQXc9PSIsImV4cCI6bnVsbCwicHVyIjoiYmxvYl9pZCJ9fQ==--8b5f4e1e9e5a7433d28030f10876f7e958209170\/PTSD254013A\"><\/audio><\/p>\n<p>A semana termina com previs\u00e3o de tempo firme nos estados do Sudeste, segundo o Instituto de Meteorologia. Sem alertas emitidos, o s\u00e1bado deve ser de sol e tempo firme em todas as regi\u00f5es, com maior possibilidade de chuva no estado de S\u00e3o Paulo.\u00a0<\/p>\n<p>Na capital paulista, o dia deve ser de sol entre nuvens e pancadas previstas, com m\u00e1xima chegando aos 31\u00baC. Cidades do litoral sul t\u00eam maior chance de chuva, como Praia Grande e Mongagu\u00e1.\u00a0<\/p>\n<p>Em Minas, tamb\u00e9m com tempo firme, o centro-norte do estado deve ter um s\u00e1bado de sol e baixa umidade do ar. Na capital BH, sem previs\u00e3o de chuva, a m\u00e1xima chega aos 30\u00baC.\u00a0<\/p>\n<p>O estado do Rio de Janeiro tamb\u00e9m mant\u00e9m a previs\u00e3o de c\u00e9u claro, com altas temperaturas na capital fluminense\u00a0que podem atingir os 34\u00baC, num dia de c\u00e9u predominantemente claro e poucas nuvens.\u00a0<\/p>\n<p>No Esp\u00edrito Santo, mais sol e tempo firme que valem para todas as regi\u00f5es. Na capital, Vit\u00f3ria, calor de at\u00e9 32\u00baC e sol neste s\u00e1bado.\u00a0<\/p>\n<p>As informa\u00e7\u00f5es s\u00e3o do Inmet.<\/p>\n<p>\n\u00a0<\/p>\n<p>\t\t\t\t\t\t\t\t\t<img loading=\"lazy\" decoding=\"async\" src=\"https:\/\/brasil61.com\/api\/v1\/serve_pixel\/17677\/81070\" alt=\"Pixel Brasil 61\" class=\"b61_pixel\" width=\"0\" height=\"0\"><\/p>\n<input type=\"hidden\" id=\"baseurl\" value=\"https:\/\/noticiasdestaque.com.br\"><input type=\"hidden\" id=\"audio_nonce\" value=\"6f73a554f1\">","protected":false},"excerpt":{"rendered":"<p>Litoral e sul de S\u00e3o Paulo t\u00eam alerta de tempestade<\/p>\n","protected":false},"author":1,"featured_media":43513,"comment_status":"open","ping_status":"open","sticky":false,"template":"","format":"standard","meta":{"fifu_image_url":"","fifu_image_alt":"","footnotes":""},"categories":[58],"tags":[],"class_list":["post-43512","post","type-post","status-publish","format-standard","has-post-thumbnail","hentry","category-cotidiano"],"distributor_meta":false,"distributor_terms":false,"distributor_media":false,"distributor_original_site_name":"Noticias em Destaque","distributor_original_site_url":"https:\/\/noticiasdestaque.com.br","push-errors":false,"_links":{"self":[{"href":"https:\/\/noticiasdestaque.com.br\/index.php\/wp-json\/wp\/v2\/posts\/43512","targetHints":{"allow":["GET"]}}],"collection":[{"href":"https:\/\/noticiasdestaque.com.br\/index.php\/wp-json\/wp\/v2\/posts"}],"about":[{"href":"https:\/\/noticiasdestaque.com.br\/index.php\/wp-json\/wp\/v2\/types\/post"}],"author":[{"embeddable":true,"href":"https:\/\/noticiasdestaque.com.br\/index.php\/wp-json\/wp\/v2\/users\/1"}],"replies":[{"embeddable":true,"href":"https:\/\/noticiasdestaque.com.br\/index.php\/wp-json\/wp\/v2\/comments?post=43512"}],"version-history":[{"count":0,"href":"https:\/\/noticiasdestaque.com.br\/index.php\/wp-json\/wp\/v2\/posts\/43512\/revisions"}],"wp:featuredmedia":[{"embeddable":true,"href":"https:\/\/noticiasdestaque.com.br\/index.php\/wp-json\/wp\/v2\/media\/43513"}],"wp:attachment":[{"href":"https:\/\/noticiasdestaque.com.br\/index.php\/wp-json\/wp\/v2\/media?parent=43512"}],"wp:term":[{"taxonomy":"category","embeddable":true,"href":"https:\/\/noticiasdestaque.com.br\/index.php\/wp-json\/wp\/v2\/categories?post=43512"},{"taxonomy":"post_tag","embeddable":true,"href":"https:\/\/noticiasdestaque.com.br\/index.php\/wp-json\/wp\/v2\/tags?post=43512"}],"curies":[{"name":"wp","href":"https:\/\/api.w.org\/{rel}","templated":true}]}}