{"id":43500,"date":"2025-04-11T18:00:00","date_gmt":"2025-04-11T21:00:00","guid":{"rendered":"https:\/\/noticiasdestaque.com.br\/index.php\/2025\/04\/11\/previsao-do-tempo-sudeste-tem-alerta-de-acumulados-de-chuva-para-o-litoral-capixaba-e-o-norte-fluminense\/"},"modified":"2025-04-11T18:00:00","modified_gmt":"2025-04-11T21:00:00","slug":"previsao-do-tempo-sudeste-tem-alerta-de-acumulados-de-chuva-para-o-litoral-capixaba-e-o-norte-fluminense","status":"publish","type":"post","link":"https:\/\/noticiasdestaque.com.br\/index.php\/2025\/04\/11\/previsao-do-tempo-sudeste-tem-alerta-de-acumulados-de-chuva-para-o-litoral-capixaba-e-o-norte-fluminense\/","title":{"rendered":"PREVIS\u00c3O DO TEMPO: Sudeste tem alerta de acumulados de chuva para o litoral capixaba e o norte fluminense"},"content":{"rendered":"<p>\t\t\t\t\t\t\t\t\t\t<audio controls class=\"b61_audio_player\" data-noticia=\"81345\" src=\"https:\/\/brasil61.com\/rails\/active_storage\/blobs\/eyJfcmFpbHMiOnsibWVzc2FnZSI6IkJBaHBBeHhIQXc9PSIsImV4cCI6bnVsbCwicHVyIjoiYmxvYl9pZCJ9fQ==--240db591486afe9fd9defe2892b484d015df43de\/PTSD254027A\"><\/audio><\/p>\n<p>Mais um s\u00e1bado com alerta de acumulado de chuva emitido pelo Inmet. O aviso vale para o litoral norte do Rio de Janeiro, em cidades como Campos dos Goytacazes, onde pode chover forte, mas h\u00e1 baixo risco de alagamentos. Todo o litoral capixaba tamb\u00e9m est\u00e1 sob alerta, incluindo a capital Vit\u00f3ria, e mais ao norte, a cidade de S\u00e3o Mateus.<\/p>\n<p>O litoral paulista tamb\u00e9m tem previs\u00e3o de chuva, que deve cair em forma de pancadas isoladas, com o sol aparecendo entre nuvens. Mesma previs\u00e3o que vale para todo o estado do Rio de Janeiro. Na capital carioca, o s\u00e1bado deve ser de poucas nuvens e c\u00e9u claro. Temperaturas variam entre 19\u00baC e 28\u00baC.<\/p>\n<p>S\u00e1bado de sol est\u00e1 previsto para as demais regi\u00f5es do estado de S\u00e3o Paulo, al\u00e9m do Tri\u00e2ngulo Mineiro e centro de Minas, incluindo a capital Belo Horizonte, onde o dia fica nublado, com m\u00e1xima de 30\u00baC.\u00a0<\/p>\n<p>As informa\u00e7\u00f5es s\u00e3o do Inmet.<\/p>\n<p>\n\u00a0<\/p>\n<p>\t\t\t\t\t\t\t\t\t<img loading=\"lazy\" decoding=\"async\" src=\"https:\/\/brasil61.com\/api\/v1\/serve_pixel\/17677\/81345\" alt=\"Pixel Brasil 61\" class=\"b61_pixel\" width=\"0\" height=\"0\"><\/p>\n<input type=\"hidden\" id=\"baseurl\" value=\"https:\/\/noticiasdestaque.com.br\"><input type=\"hidden\" id=\"audio_nonce\" value=\"6f73a554f1\">","protected":false},"excerpt":{"rendered":"<p>Chuvas mais volumosas s\u00e3o previstas para o norte de Minas<\/p>\n","protected":false},"author":1,"featured_media":43501,"comment_status":"open","ping_status":"open","sticky":false,"template":"","format":"standard","meta":{"fifu_image_url":"","fifu_image_alt":"","footnotes":""},"categories":[58],"tags":[],"class_list":["post-43500","post","type-post","status-publish","format-standard","has-post-thumbnail","hentry","category-cotidiano"],"distributor_meta":false,"distributor_terms":false,"distributor_media":false,"distributor_original_site_name":"Noticias em Destaque","distributor_original_site_url":"https:\/\/noticiasdestaque.com.br","push-errors":false,"_links":{"self":[{"href":"https:\/\/noticiasdestaque.com.br\/index.php\/wp-json\/wp\/v2\/posts\/43500","targetHints":{"allow":["GET"]}}],"collection":[{"href":"https:\/\/noticiasdestaque.com.br\/index.php\/wp-json\/wp\/v2\/posts"}],"about":[{"href":"https:\/\/noticiasdestaque.com.br\/index.php\/wp-json\/wp\/v2\/types\/post"}],"author":[{"embeddable":true,"href":"https:\/\/noticiasdestaque.com.br\/index.php\/wp-json\/wp\/v2\/users\/1"}],"replies":[{"embeddable":true,"href":"https:\/\/noticiasdestaque.com.br\/index.php\/wp-json\/wp\/v2\/comments?post=43500"}],"version-history":[{"count":0,"href":"https:\/\/noticiasdestaque.com.br\/index.php\/wp-json\/wp\/v2\/posts\/43500\/revisions"}],"wp:featuredmedia":[{"embeddable":true,"href":"https:\/\/noticiasdestaque.com.br\/index.php\/wp-json\/wp\/v2\/media\/43501"}],"wp:attachment":[{"href":"https:\/\/noticiasdestaque.com.br\/index.php\/wp-json\/wp\/v2\/media?parent=43500"}],"wp:term":[{"taxonomy":"category","embeddable":true,"href":"https:\/\/noticiasdestaque.com.br\/index.php\/wp-json\/wp\/v2\/categories?post=43500"},{"taxonomy":"post_tag","embeddable":true,"href":"https:\/\/noticiasdestaque.com.br\/index.php\/wp-json\/wp\/v2\/tags?post=43500"}],"curies":[{"name":"wp","href":"https:\/\/api.w.org\/{rel}","templated":true}]}}