{"id":43479,"date":"2025-01-29T19:20:00","date_gmt":"2025-01-29T22:20:00","guid":{"rendered":"https:\/\/noticiasdestaque.com.br\/index.php\/2025\/01\/29\/previsao-do-tempo-sudeste-tera-chuvas-intensas-nesta-quinta-feira-30\/"},"modified":"2025-01-29T19:20:00","modified_gmt":"2025-01-29T22:20:00","slug":"previsao-do-tempo-sudeste-tera-chuvas-intensas-nesta-quinta-feira-30","status":"publish","type":"post","link":"https:\/\/noticiasdestaque.com.br\/index.php\/2025\/01\/29\/previsao-do-tempo-sudeste-tera-chuvas-intensas-nesta-quinta-feira-30\/","title":{"rendered":"PREVIS\u00c3O DO TEMPO: Sudeste ter\u00e1 chuvas intensas, nesta quinta-feira (30)"},"content":{"rendered":"<p>\t\t\t\t\t\t\t\t\t\t<audio controls class=\"b61_audio_player\" data-noticia=\"79911\" src=\"https:\/\/brasil61.com\/rails\/active_storage\/blobs\/eyJfcmFpbHMiOnsibWVzc2FnZSI6IkJBaHBBMnd2QXc9PSIsImV4cCI6bnVsbCwicHVyIjoiYmxvYl9pZCJ9fQ==--e1b4293da0bab8d7e6eb9b63d67de1111300c01c\/PTSD253957A\"><\/audio><\/p>\n<p>A regi\u00e3o Sudeste do pa\u00eds ter\u00e1 chuvas intensas em quase todo o territ\u00f3rio nesta quinta-feira (30).<\/p>\n<p>Aviso de chuvas intensas com grau de severidade de perigo potencial para todos os estados, exceto regi\u00f5es norte de Minas Gerais e do Esp\u00edrito Santo. A chuva deve ter at\u00e9 50 mm, com dura\u00e7\u00e3o prevista at\u00e9 sexta.\u00a0<\/p>\n<p>J\u00e1 para as regi\u00f5es metropolitanas de Paulista e\u00a0Vale do Para\u00edba Paulista o alerta \u00e9 de perigo potencial, com chuva de at\u00e9 100 mm e risco de corte de energia el\u00e9trica, queda de galhos de \u00e1rvores, alagamentos e de descargas el\u00e9tricas. O alerta se estende para Rio de Janeiro nas regi\u00f5es\u00a0Metropolitana, norte, sul, noroeste e centro fluminense, bem como para regi\u00f5es de Minas Gerais como central, oeste, sul\/sudoestem noroeste, norte e Tri\u00e2ngulo Mineiro.\u00a0<\/p>\n<p>\u00c0 tarde, c\u00e9u nublado com pancadas de chuva e trovoadas isoladas para MG e RJ, muitas nuvens com pancadas de chuva e trovoadas isoladas para SP e apenas muitas nuvens com possibilidade de chuva para o ES.<\/p>\n<p>Entre as capitais, a temperatura m\u00ednima prevista nesta ter\u00e7a-feira \u00e9 de 17\u00b0C, em Belo Horizonte. J\u00e1 a m\u00e1xima pode chegar a 33\u00b0C, em Vit\u00f3ria. A umidade relativa do ar varia entre 50% e 100%.<\/p>\n<p>As informa\u00e7\u00f5es s\u00e3o do Instituto Nacional de Meteorologia. \u00a0<\/p>\n<p>\u00a0<\/p>\n<p>\u00a0<\/p>\n<p>\t\t\t\t\t\t\t\t\t<img loading=\"lazy\" decoding=\"async\" src=\"https:\/\/brasil61.com\/api\/v1\/serve_pixel\/17677\/79911\" alt=\"Pixel Brasil 61\" class=\"b61_pixel\" width=\"0\" height=\"0\"><\/p>\n<input type=\"hidden\" id=\"baseurl\" value=\"https:\/\/noticiasdestaque.com.br\"><input type=\"hidden\" id=\"audio_nonce\" value=\"6a24ca502e\">","protected":false},"excerpt":{"rendered":"<p>Alerta cobre todos os estados <\/p>\n","protected":false},"author":1,"featured_media":0,"comment_status":"open","ping_status":"open","sticky":false,"template":"","format":"standard","meta":{"fifu_image_url":"","fifu_image_alt":"","footnotes":""},"categories":[58],"tags":[],"class_list":["post-43479","post","type-post","status-publish","format-standard","hentry","category-cotidiano"],"distributor_meta":false,"distributor_terms":false,"distributor_media":false,"distributor_original_site_name":"Noticias em Destaque","distributor_original_site_url":"https:\/\/noticiasdestaque.com.br","push-errors":false,"_links":{"self":[{"href":"https:\/\/noticiasdestaque.com.br\/index.php\/wp-json\/wp\/v2\/posts\/43479","targetHints":{"allow":["GET"]}}],"collection":[{"href":"https:\/\/noticiasdestaque.com.br\/index.php\/wp-json\/wp\/v2\/posts"}],"about":[{"href":"https:\/\/noticiasdestaque.com.br\/index.php\/wp-json\/wp\/v2\/types\/post"}],"author":[{"embeddable":true,"href":"https:\/\/noticiasdestaque.com.br\/index.php\/wp-json\/wp\/v2\/users\/1"}],"replies":[{"embeddable":true,"href":"https:\/\/noticiasdestaque.com.br\/index.php\/wp-json\/wp\/v2\/comments?post=43479"}],"version-history":[{"count":0,"href":"https:\/\/noticiasdestaque.com.br\/index.php\/wp-json\/wp\/v2\/posts\/43479\/revisions"}],"wp:attachment":[{"href":"https:\/\/noticiasdestaque.com.br\/index.php\/wp-json\/wp\/v2\/media?parent=43479"}],"wp:term":[{"taxonomy":"category","embeddable":true,"href":"https:\/\/noticiasdestaque.com.br\/index.php\/wp-json\/wp\/v2\/categories?post=43479"},{"taxonomy":"post_tag","embeddable":true,"href":"https:\/\/noticiasdestaque.com.br\/index.php\/wp-json\/wp\/v2\/tags?post=43479"}],"curies":[{"name":"wp","href":"https:\/\/api.w.org\/{rel}","templated":true}]}}