{"id":43410,"date":"2025-02-10T18:00:00","date_gmt":"2025-02-10T21:00:00","guid":{"rendered":"https:\/\/noticiasdestaque.com.br\/index.php\/2025\/02\/10\/previsao-do-tempo-nordeste-tera-muitas-nuvens-com-possibilidade-de-chuva-isolada-nesta-terca-feira-11\/"},"modified":"2025-02-10T18:00:00","modified_gmt":"2025-02-10T21:00:00","slug":"previsao-do-tempo-nordeste-tera-muitas-nuvens-com-possibilidade-de-chuva-isolada-nesta-terca-feira-11","status":"publish","type":"post","link":"https:\/\/noticiasdestaque.com.br\/index.php\/2025\/02\/10\/previsao-do-tempo-nordeste-tera-muitas-nuvens-com-possibilidade-de-chuva-isolada-nesta-terca-feira-11\/","title":{"rendered":"PREVIS\u00c3O DO TEMPO: Nordeste ter\u00e1 muitas nuvens com possibilidade de chuva isolada, nesta ter\u00e7a-feira (11)"},"content":{"rendered":"<p>\t\t\t\t\t\t\t\t\t\t<audio controls class=\"b61_audio_player\" data-noticia=\"80163\" src=\"https:\/\/brasil61.com\/rails\/active_storage\/blobs\/eyJfcmFpbHMiOnsibWVzc2FnZSI6IkJBaHBBd0V6QXc9PSIsImV4cCI6bnVsbCwicHVyIjoiYmxvYl9pZCJ9fQ==--0a9a80db2960e27e2d48a074d3321b6eb3dccd65\/PTND254579A\"><\/audio><\/p>\n<p>A Regi\u00e3o Nordeste ter\u00e1 muitas nuvens com possibilidade de chuva isolada, nesta ter\u00e7a-feira (11). Condi\u00e7\u00e3o ser\u00e1 notada nos litorais, desde o Cear\u00e1,\u00a0at\u00e9 Alagoas.<\/p>\n<p>Para o Maranh\u00e3o, h\u00e1 aviso de chuvas intensas de perigo com at\u00e9 100 mm pela manh\u00e3, que deve afetar Norte, Sul, Oeste e\u00a0Centro Maranhense.<\/p>\n<p>Bahia e Sergipe devem ter c\u00e9u com muitas nuvens, bem como o sul do Piau\u00ed. Demais \u00e1reas piauienses devem ter muitas nuvens com pancadas de chuva isoladas.\u00a0<\/p>\n<p>Entre as capitais, a temperatura m\u00ednima prevista \u00e9 de 24\u00b0C, em Jo\u00e3o Pessoa e Macei\u00f3. J\u00e1 a m\u00e1xima pode chegar a 32\u00b0C, em Recife. A umidade relativa do ar varia entre 50% e 98%.<\/p>\n<p>As informa\u00e7\u00f5es s\u00e3o do Instituto Nacional de Meteorologia. \u00a0<\/p>\n<p>\u00a0<\/p>\n<p>\t\t\t\t\t\t\t\t\t<img loading=\"lazy\" decoding=\"async\" src=\"https:\/\/brasil61.com\/api\/v1\/serve_pixel\/17677\/80163\" alt=\"Pixel Brasil 61\" class=\"b61_pixel\" width=\"0\" height=\"0\"><\/p>\n<input type=\"hidden\" id=\"baseurl\" value=\"https:\/\/noticiasdestaque.com.br\"><input type=\"hidden\" id=\"audio_nonce\" value=\"c9f06e19e6\">","protected":false},"excerpt":{"rendered":"<p>Para o MA, aviso de chuvas intensas <\/p>\n","protected":false},"author":1,"featured_media":43411,"comment_status":"open","ping_status":"open","sticky":false,"template":"","format":"standard","meta":{"fifu_image_url":"","fifu_image_alt":"","footnotes":""},"categories":[58],"tags":[],"class_list":["post-43410","post","type-post","status-publish","format-standard","has-post-thumbnail","hentry","category-cotidiano"],"distributor_meta":false,"distributor_terms":false,"distributor_media":false,"distributor_original_site_name":"Noticias em Destaque","distributor_original_site_url":"https:\/\/noticiasdestaque.com.br","push-errors":false,"_links":{"self":[{"href":"https:\/\/noticiasdestaque.com.br\/index.php\/wp-json\/wp\/v2\/posts\/43410","targetHints":{"allow":["GET"]}}],"collection":[{"href":"https:\/\/noticiasdestaque.com.br\/index.php\/wp-json\/wp\/v2\/posts"}],"about":[{"href":"https:\/\/noticiasdestaque.com.br\/index.php\/wp-json\/wp\/v2\/types\/post"}],"author":[{"embeddable":true,"href":"https:\/\/noticiasdestaque.com.br\/index.php\/wp-json\/wp\/v2\/users\/1"}],"replies":[{"embeddable":true,"href":"https:\/\/noticiasdestaque.com.br\/index.php\/wp-json\/wp\/v2\/comments?post=43410"}],"version-history":[{"count":0,"href":"https:\/\/noticiasdestaque.com.br\/index.php\/wp-json\/wp\/v2\/posts\/43410\/revisions"}],"wp:featuredmedia":[{"embeddable":true,"href":"https:\/\/noticiasdestaque.com.br\/index.php\/wp-json\/wp\/v2\/media\/43411"}],"wp:attachment":[{"href":"https:\/\/noticiasdestaque.com.br\/index.php\/wp-json\/wp\/v2\/media?parent=43410"}],"wp:term":[{"taxonomy":"category","embeddable":true,"href":"https:\/\/noticiasdestaque.com.br\/index.php\/wp-json\/wp\/v2\/categories?post=43410"},{"taxonomy":"post_tag","embeddable":true,"href":"https:\/\/noticiasdestaque.com.br\/index.php\/wp-json\/wp\/v2\/tags?post=43410"}],"curies":[{"name":"wp","href":"https:\/\/api.w.org\/{rel}","templated":true}]}}