{"id":43380,"date":"2024-09-06T00:04:00","date_gmt":"2024-09-06T03:04:00","guid":{"rendered":"https:\/\/noticiasdestaque.com.br\/index.php\/2024\/09\/06\/7-de-setembro-calor-e-baixa-umidade-em-quase-todo-o-pais\/"},"modified":"2024-09-06T00:04:00","modified_gmt":"2024-09-06T03:04:00","slug":"7-de-setembro-calor-e-baixa-umidade-em-quase-todo-o-pais","status":"publish","type":"post","link":"https:\/\/noticiasdestaque.com.br\/index.php\/2024\/09\/06\/7-de-setembro-calor-e-baixa-umidade-em-quase-todo-o-pais\/","title":{"rendered":"7 de setembro: calor e baixa umidade em quase todo o pa\u00eds"},"content":{"rendered":"<p>\t\t\t\t\t\t\t\t\t\t<audio controls class=\"b61_audio_player\" data-noticia=\"75657\" src=\"https:\/\/brasil61.com\/rails\/active_storage\/blobs\/eyJfcmFpbHMiOnsibWVzc2FnZSI6IkJBaHBBOEg3QWc9PSIsImV4cCI6bnVsbCwicHVyIjoiYmxvYl9pZCJ9fQ==--38230f02f2e75b4c24fe40e181da6a48998824ce\/BRAS2412582A\"><\/audio><\/p>\n<p>O feriado de Independ\u00eancia do Brasil, celebrado neste s\u00e1bado (7), ser\u00e1 marcado pelo tempo quente e seco em quase todo o territ\u00f3rio nacional, principalmente no Centro-Sul do pa\u00eds. A informa\u00e7\u00e3o \u00e9 do Instituto Nacional de Meteorologia (Inmet). Os term\u00f4metros podem chegar na casa dos 38 \u00baC a 41 \u00baC e a umidade relativa do ar pode ficar abaixo dos 15%.<\/p>\n<p>As regi\u00f5es Norte e Nordeste s\u00e3o as \u00fanicas\u00a0com expectativa\u00a0de chuvas. Entre Amazonas e Roraima, devem ocorrer pancadas de chuvas t\u00edpicas da regi\u00e3o, com combina\u00e7\u00e3o de calor e alta umidade, principalmente no per\u00edodo da tarde. Norte do Amazonas, Roraima e noroeste do Par\u00e1 tamb\u00e9m esperam chuvas isoladas na tarde do feriado.<\/p>\n<p>No Nordeste, a previs\u00e3o \u00e9 de chuva fraca e passageira, principalmente no per\u00edodo da manh\u00e3, nas regi\u00f5es entre o litoral do Rio Grande do Norte at\u00e9 o Rec\u00f4ncavo Baiano.<\/p>\n<p>Nas regi\u00f5es Centro-Oeste, Sudeste e Sul, o feriado de Independ\u00eancia ser\u00e1 de c\u00e9u com nebulosidade reduzida e pouca chance de chuva. Al\u00e9m disso, os term\u00f4metros dessas regi\u00f5es e de alguns estados do Norte registram as temperaturas mais altas, como explica o meteorologista do Inmet Her\u00e1clio Alves.<\/p>\n<p>\u201cContinuam temperaturas bastante elevadas, principalmente no Centro-Oeste e\u00a0em \u00e1reas tamb\u00e9m do Sudeste e da Regi\u00e3o Norte, com m\u00e1xima chegando na casa dos 38 a 41 graus, entre o Mato Grosso e o Mato Grosso do Sul, \u00e1reas do Par\u00e1, do Tocantins, com temperatura bastante elevada. Nas outras \u00e1reas, a temperatura fica variando entre 30 e 33 graus.\u201d<\/p>\n<p>Em rela\u00e7\u00e3o \u00e0 umidade, o meteorologista informa que os estados mais quentes v\u00e3o registrar o ar mais seco, com m\u00ednimas abaixo dos 15%, principalmente entre Rond\u00f4nia, Mato Grosso, Mato Grosso do Sul e Goi\u00e1s. Somente nos extremos das regi\u00f5es Norte e Nordeste a umidade fica um pouco mais alta, variando entre 90% e 35%.<\/p>\n<h2>Cuidados com a sa\u00fade<\/h2>\n<p>Segundo a otorrinolaringologista Marcela Suman, com a seca e o calor\u00e3o\u00a0as mucosas do organismo n\u00e3o conseguem trabalhar de forma adequada, uma vez que 70% do corpo humano \u00e9 composto de \u00e1gua.\u00a0<\/p>\n<p>\u201cEnt\u00e3o, em tempo de seca, as c\u00e9lulas ciliadas do sistema respirat\u00f3rio humano n\u00e3o conseguem fazer a higiene adequada; os microc\u00edlios, que deveriam bater 700 vezes por minuto, acabam ficando paralisados. \u00a0Ent\u00e3o, essa sujidade fica acumulada na cavidade nasal, gerando mais irrita\u00e7\u00e3o, aumentando e intensificando os quadros de rinite, asma, bronquite, doen\u00e7a pulmonar obstrutiva cr\u00f4nica\u201d, explica a m\u00e9dica.<\/p>\n<p>A principal recomenda\u00e7\u00e3o da otorrinolaringologista \u00e9 beber bastante \u00e1gua e manter o organismo hidratado.<\/p>\n<p>\u201cA Organiza\u00e7\u00e3o Mundial de Sa\u00fade preconiza que o ideal \u00e9 60 ml [de \u00e1gua] por quilo de peso. Ent\u00e3o a gente tem que tomar muito l\u00edquido, podendo ser superior a isso, tendo cora\u00e7\u00e3o e rim bons. Procurar sempre hidratar o nariz com soro fisiol\u00f3gico, podendo tamb\u00e9m pingar col\u00edrio de l\u00e1grima artificial nos olhos. Evitar, sobretudo, ficar muitas horas no calor excessivo.\u201d<\/p>\n<p>Outras recomenda\u00e7\u00f5es incluem:<\/p>\n<ul>\n<li>evitar fazer atividade f\u00edsica entre 10h e 14h, que costuma ser o per\u00edodo mais quente e seco do dia;<\/li>\n<li>evitar levar as m\u00e3os no nariz e na boca. Com o clima seco, a poeira microsc\u00f3pica acumula nas m\u00e3os, podendo levar \u00e0 les\u00e3o das mucosas;<\/li>\n<li>manter a casa limpa com pano \u00famido, evitando vassoura para n\u00e3o levantar ainda mais a poeira suspensa no ar;<\/li>\n<li>umidificar os ambientes com toalhas molhadas, bacias de \u00e1gua e umidificadores el\u00e9tricos.<\/li>\n<\/ul>\n<p>Para quem vai assistir aos desfiles de 7 de setembro nas ruas, a otorrinolaringologista Marcela Suman tem uma recomenda\u00e7\u00e3o especial:<\/p>\n<p>\u201cProcurar um lugar onde esteja com sombra. Caso n\u00e3o haja, levar a sua pr\u00f3pria sombrinha ou guarda-chuva para prevenir a desidrata\u00e7\u00e3o. \u00c9 indispens\u00e1vel ingerir muita \u00e1gua. N\u00e3o co\u00e7ar o nariz e os olhos para n\u00e3o sujar mais, para n\u00e3o irritar ainda mais. E ficar o tempo m\u00ednimo necess\u00e1rio exposto a essas altas temperaturas.\u201d<\/p>\n<p><strong><a href=\"https:\/\/brasil61.com\/n\/7-de-setembro-comercio-pode-abrir-no-feriado-mas-depende-de-acordos-locais-bras239492\" target=\"_blank\">7 de setembro: com\u00e9rcio pode abrir no feriado, mas depende de acordos locais<\/a><\/strong><\/p>\n<p><strong><a href=\"https:\/\/brasil61.com\/n\/queimadas-em-sp-empobrecimento-do-solo-pode-ser-consequencia-grave-bras2412553\" target=\"_blank\">Queimadas em SP: empobrecimento do solo pode ser consequ\u00eancia grave<\/a><\/strong><\/p>\n<p>\t\t\t\t\t\t\t\t\t<img loading=\"lazy\" decoding=\"async\" src=\"https:\/\/brasil61.com\/api\/v1\/serve_pixel\/17677\/75657\" alt=\"Pixel Brasil 61\" class=\"b61_pixel\" width=\"0\" height=\"0\"><\/p>\n<input type=\"hidden\" id=\"baseurl\" value=\"https:\/\/noticiasdestaque.com.br\"><input type=\"hidden\" id=\"audio_nonce\" value=\"6a24ca502e\">","protected":false},"excerpt":{"rendered":"<p>Segundo o Inmet, os term\u00f4metros podem chegar na casa dos 38 \u00baC a 41 \u00baC e a umidade relativa do ar pode ficar abaixo dos 15%<\/p>\n","protected":false},"author":1,"featured_media":43381,"comment_status":"open","ping_status":"open","sticky":false,"template":"","format":"standard","meta":{"fifu_image_url":"","fifu_image_alt":"","footnotes":""},"categories":[58],"tags":[],"class_list":["post-43380","post","type-post","status-publish","format-standard","has-post-thumbnail","hentry","category-cotidiano"],"distributor_meta":false,"distributor_terms":false,"distributor_media":false,"distributor_original_site_name":"Noticias em Destaque","distributor_original_site_url":"https:\/\/noticiasdestaque.com.br","push-errors":false,"_links":{"self":[{"href":"https:\/\/noticiasdestaque.com.br\/index.php\/wp-json\/wp\/v2\/posts\/43380","targetHints":{"allow":["GET"]}}],"collection":[{"href":"https:\/\/noticiasdestaque.com.br\/index.php\/wp-json\/wp\/v2\/posts"}],"about":[{"href":"https:\/\/noticiasdestaque.com.br\/index.php\/wp-json\/wp\/v2\/types\/post"}],"author":[{"embeddable":true,"href":"https:\/\/noticiasdestaque.com.br\/index.php\/wp-json\/wp\/v2\/users\/1"}],"replies":[{"embeddable":true,"href":"https:\/\/noticiasdestaque.com.br\/index.php\/wp-json\/wp\/v2\/comments?post=43380"}],"version-history":[{"count":0,"href":"https:\/\/noticiasdestaque.com.br\/index.php\/wp-json\/wp\/v2\/posts\/43380\/revisions"}],"wp:featuredmedia":[{"embeddable":true,"href":"https:\/\/noticiasdestaque.com.br\/index.php\/wp-json\/wp\/v2\/media\/43381"}],"wp:attachment":[{"href":"https:\/\/noticiasdestaque.com.br\/index.php\/wp-json\/wp\/v2\/media?parent=43380"}],"wp:term":[{"taxonomy":"category","embeddable":true,"href":"https:\/\/noticiasdestaque.com.br\/index.php\/wp-json\/wp\/v2\/categories?post=43380"},{"taxonomy":"post_tag","embeddable":true,"href":"https:\/\/noticiasdestaque.com.br\/index.php\/wp-json\/wp\/v2\/tags?post=43380"}],"curies":[{"name":"wp","href":"https:\/\/api.w.org\/{rel}","templated":true}]}}