{"id":43356,"date":"2025-03-05T18:00:00","date_gmt":"2025-03-05T21:00:00","guid":{"rendered":"https:\/\/noticiasdestaque.com.br\/index.php\/2025\/03\/05\/previsao-do-tempo-nordeste-tera-muitas-nuvens-e-chuva-nesta-quinta-feira-6\/"},"modified":"2025-03-05T18:00:00","modified_gmt":"2025-03-05T21:00:00","slug":"previsao-do-tempo-nordeste-tera-muitas-nuvens-e-chuva-nesta-quinta-feira-6","status":"publish","type":"post","link":"https:\/\/noticiasdestaque.com.br\/index.php\/2025\/03\/05\/previsao-do-tempo-nordeste-tera-muitas-nuvens-e-chuva-nesta-quinta-feira-6\/","title":{"rendered":"PREVIS\u00c3O DO TEMPO: Nordeste ter\u00e1 muitas nuvens e chuva, nesta quinta-feira (6)"},"content":{"rendered":"<p>\t\t\t\t\t\t\t\t\t\t<audio controls class=\"b61_audio_player\" data-noticia=\"80617\" src=\"https:\/\/brasil61.com\/rails\/active_storage\/blobs\/eyJfcmFpbHMiOnsibWVzc2FnZSI6IkJBaHBBNmM1QXc9PSIsImV4cCI6bnVsbCwicHVyIjoiYmxvYl9pZCJ9fQ==--0e4312bbc457dd74de24bea92928900e985c26c5\/PTND254601A\"><\/audio><\/p>\n<p>A regi\u00e3o Nordeste ter\u00e1 c\u00e9u com muitas nuvens e chuva, nesta quinta-feira (6).<\/p>\n<p>A chuva deve se concentrar no Maranh\u00e3o, Cear\u00e1 e Piau\u00ed, onde h\u00e1 alerta de chuvas intensas de at\u00e9 50 mm pela manh\u00e3. As \u00e1reas afetadas ser\u00e3o os litorais cearense\u00a0e piauiense\u00a0e Norte, Sul, Leste, Oeste e\u00a0Centro Maranhense.<\/p>\n<p>Possibilidade de chuva isolada para os litorais do RN, PE e da PB.<\/p>\n<p>Para AP, SE, BA, sul do CE e demais regi\u00f5es do\u00a0RN, PE e da PB a previs\u00e3o \u00e9 de apenas c\u00e9u com muitas nuvens nesta quinta-feira.<\/p>\n<p>Segundo o Inmet, a previs\u00e3o para mar\u00e7o na Regi\u00e3o Nordeste aponta que as chuvas devem continuar acima da m\u00e9dia na parte norte do Maranh\u00e3o, enquanto no restante da regi\u00e3o os volumes de chuva podem ficar pr\u00f3ximos e abaixo da climatologia,\u00a0inferiores \u00e0 160 mm no nordeste da Bahia, Sergipe e Alagoas. A\u00a0previs\u00e3o tamb\u00e9m\u00a0indica temperaturas acima da m\u00e9dia no interior da Regi\u00e3o Nordeste, acima de 24\u00b0C.<\/p>\n<p>Entre as capitais, a temperatura m\u00ednima prevista \u00e9 de 23\u00b0C, em Teresina e Fortaleza. J\u00e1 a m\u00e1xima pode chegar a 33\u00b0C, em Jo\u00e3o Pessoa.\u00a0<\/p>\n<p>As informa\u00e7\u00f5es s\u00e3o do Instituto Nacional de Meteorologia. \u00a0<\/p>\n<p>\u00a0<\/p>\n<p>\u00a0<\/p>\n<p>\t\t\t\t\t\t\t\t\t<img loading=\"lazy\" decoding=\"async\" src=\"https:\/\/brasil61.com\/api\/v1\/serve_pixel\/17677\/80617\" alt=\"Pixel Brasil 61\" class=\"b61_pixel\" width=\"0\" height=\"0\"><\/p>\n<input type=\"hidden\" id=\"baseurl\" value=\"https:\/\/noticiasdestaque.com.br\"><input type=\"hidden\" id=\"audio_nonce\" value=\"5128c810d9\">","protected":false},"excerpt":{"rendered":"<p>H\u00e1 alerta de chuvas intensas para regi\u00f5es do MA, PI e CE pela manh\u00e3<\/p>\n","protected":false},"author":1,"featured_media":43357,"comment_status":"open","ping_status":"open","sticky":false,"template":"","format":"standard","meta":{"fifu_image_url":"","fifu_image_alt":"","footnotes":""},"categories":[58],"tags":[],"class_list":["post-43356","post","type-post","status-publish","format-standard","has-post-thumbnail","hentry","category-cotidiano"],"distributor_meta":false,"distributor_terms":false,"distributor_media":false,"distributor_original_site_name":"Noticias em Destaque","distributor_original_site_url":"https:\/\/noticiasdestaque.com.br","push-errors":false,"_links":{"self":[{"href":"https:\/\/noticiasdestaque.com.br\/index.php\/wp-json\/wp\/v2\/posts\/43356","targetHints":{"allow":["GET"]}}],"collection":[{"href":"https:\/\/noticiasdestaque.com.br\/index.php\/wp-json\/wp\/v2\/posts"}],"about":[{"href":"https:\/\/noticiasdestaque.com.br\/index.php\/wp-json\/wp\/v2\/types\/post"}],"author":[{"embeddable":true,"href":"https:\/\/noticiasdestaque.com.br\/index.php\/wp-json\/wp\/v2\/users\/1"}],"replies":[{"embeddable":true,"href":"https:\/\/noticiasdestaque.com.br\/index.php\/wp-json\/wp\/v2\/comments?post=43356"}],"version-history":[{"count":0,"href":"https:\/\/noticiasdestaque.com.br\/index.php\/wp-json\/wp\/v2\/posts\/43356\/revisions"}],"wp:featuredmedia":[{"embeddable":true,"href":"https:\/\/noticiasdestaque.com.br\/index.php\/wp-json\/wp\/v2\/media\/43357"}],"wp:attachment":[{"href":"https:\/\/noticiasdestaque.com.br\/index.php\/wp-json\/wp\/v2\/media?parent=43356"}],"wp:term":[{"taxonomy":"category","embeddable":true,"href":"https:\/\/noticiasdestaque.com.br\/index.php\/wp-json\/wp\/v2\/categories?post=43356"},{"taxonomy":"post_tag","embeddable":true,"href":"https:\/\/noticiasdestaque.com.br\/index.php\/wp-json\/wp\/v2\/tags?post=43356"}],"curies":[{"name":"wp","href":"https:\/\/api.w.org\/{rel}","templated":true}]}}