{"id":43312,"date":"2025-02-19T18:00:00","date_gmt":"2025-02-19T21:00:00","guid":{"rendered":"https:\/\/noticiasdestaque.com.br\/index.php\/2025\/02\/19\/previsao-do-tempo-sudeste-tera-ceu-com-poucas-nesta-quinta-feira-20\/"},"modified":"2025-02-19T18:00:00","modified_gmt":"2025-02-19T21:00:00","slug":"previsao-do-tempo-sudeste-tera-ceu-com-poucas-nesta-quinta-feira-20","status":"publish","type":"post","link":"https:\/\/noticiasdestaque.com.br\/index.php\/2025\/02\/19\/previsao-do-tempo-sudeste-tera-ceu-com-poucas-nesta-quinta-feira-20\/","title":{"rendered":"PREVIS\u00c3O DO TEMPO: Sudeste ter\u00e1 c\u00e9u com poucas, nesta quinta-feira (20)"},"content":{"rendered":"<p>\t\t\t\t\t\t\t\t\t\t<audio controls class=\"b61_audio_player\" data-noticia=\"80362\" src=\"https:\/\/brasil61.com\/rails\/active_storage\/blobs\/eyJfcmFpbHMiOnsibWVzc2FnZSI6IkJBaHBBK2MxQXc9PSIsImV4cCI6bnVsbCwicHVyIjoiYmxvYl9pZCJ9fQ==--9010d6b51337b7447d8c73ec8a8a67879557a34a\/PTSD253978A\"><\/audio><\/p>\n<p>Nesta quinta-feira (20), a regi\u00e3o Sudeste do pa\u00eds ter\u00e1 c\u00e9u com poucas nuvens em grande parte do territ\u00f3rio. A condi\u00e7\u00e3o ser\u00e1 notada em Minas Gerais, Esp\u00edrito Santo e Rio de Janeiro ao longo do dia.<\/p>\n<p>Para S\u00e3o Paulo, alerta de chuvas intensas de perigo potencial de at\u00e9 50 mm em todo territ\u00f3rio. Nas regi\u00f5es de Itapetininga, Macro Metropolitana Paulista, Campinas, Vale do Para\u00edba Paulista, Metropolitana de S\u00e3o Paulo, Litoral Sul Paulista e\u00a0Piracicaba, o alerta \u00e9 de perigo. A chuva nessas localidades pode ter at\u00e9 100 mm. Por isso, h\u00e1 risco de corte de energia el\u00e9trica, queda de galhos de \u00e1rvores, alagamentos e de descargas el\u00e9tricas.<\/p>\n<p>Entre as capitais, a temperatura m\u00ednima prevista nesta ter\u00e7a-feira \u00e9 de 18\u00b0C, em S\u00e3o Paulo. J\u00e1 a m\u00e1xima pode chegar a 39\u00b0C, no Rio de Janeiro.<\/p>\n<p>As informa\u00e7\u00f5es s\u00e3o do Instituto Nacional de Meteorologia. \u00a0<\/p>\n<p>\u00a0<\/p>\n<p>\t\t\t\t\t\t\t\t\t<img loading=\"lazy\" decoding=\"async\" src=\"https:\/\/brasil61.com\/api\/v1\/serve_pixel\/17677\/80362\" alt=\"Pixel Brasil 61\" class=\"b61_pixel\" width=\"0\" height=\"0\"><\/p>\n<input type=\"hidden\" id=\"baseurl\" value=\"https:\/\/noticiasdestaque.com.br\"><input type=\"hidden\" id=\"audio_nonce\" value=\"581f3017e1\">","protected":false},"excerpt":{"rendered":"<p>Alerta de chuvas intensas cobre apenas SP<\/p>\n","protected":false},"author":1,"featured_media":43313,"comment_status":"open","ping_status":"open","sticky":false,"template":"","format":"standard","meta":{"fifu_image_url":"","fifu_image_alt":"","footnotes":""},"categories":[58],"tags":[],"class_list":["post-43312","post","type-post","status-publish","format-standard","has-post-thumbnail","hentry","category-cotidiano"],"distributor_meta":false,"distributor_terms":false,"distributor_media":false,"distributor_original_site_name":"Noticias em Destaque","distributor_original_site_url":"https:\/\/noticiasdestaque.com.br","push-errors":false,"_links":{"self":[{"href":"https:\/\/noticiasdestaque.com.br\/index.php\/wp-json\/wp\/v2\/posts\/43312","targetHints":{"allow":["GET"]}}],"collection":[{"href":"https:\/\/noticiasdestaque.com.br\/index.php\/wp-json\/wp\/v2\/posts"}],"about":[{"href":"https:\/\/noticiasdestaque.com.br\/index.php\/wp-json\/wp\/v2\/types\/post"}],"author":[{"embeddable":true,"href":"https:\/\/noticiasdestaque.com.br\/index.php\/wp-json\/wp\/v2\/users\/1"}],"replies":[{"embeddable":true,"href":"https:\/\/noticiasdestaque.com.br\/index.php\/wp-json\/wp\/v2\/comments?post=43312"}],"version-history":[{"count":0,"href":"https:\/\/noticiasdestaque.com.br\/index.php\/wp-json\/wp\/v2\/posts\/43312\/revisions"}],"wp:featuredmedia":[{"embeddable":true,"href":"https:\/\/noticiasdestaque.com.br\/index.php\/wp-json\/wp\/v2\/media\/43313"}],"wp:attachment":[{"href":"https:\/\/noticiasdestaque.com.br\/index.php\/wp-json\/wp\/v2\/media?parent=43312"}],"wp:term":[{"taxonomy":"category","embeddable":true,"href":"https:\/\/noticiasdestaque.com.br\/index.php\/wp-json\/wp\/v2\/categories?post=43312"},{"taxonomy":"post_tag","embeddable":true,"href":"https:\/\/noticiasdestaque.com.br\/index.php\/wp-json\/wp\/v2\/tags?post=43312"}],"curies":[{"name":"wp","href":"https:\/\/api.w.org\/{rel}","templated":true}]}}