{"id":43310,"date":"2025-02-15T18:00:00","date_gmt":"2025-02-15T21:00:00","guid":{"rendered":"https:\/\/noticiasdestaque.com.br\/index.php\/2025\/02\/15\/previsao-do-tempo-onda-de-calor-continua-no-sudeste-neste-domingo\/"},"modified":"2025-02-15T18:00:00","modified_gmt":"2025-02-15T21:00:00","slug":"previsao-do-tempo-onda-de-calor-continua-no-sudeste-neste-domingo","status":"publish","type":"post","link":"https:\/\/noticiasdestaque.com.br\/index.php\/2025\/02\/15\/previsao-do-tempo-onda-de-calor-continua-no-sudeste-neste-domingo\/","title":{"rendered":"PREVIS\u00c3O DO TEMPO: onda de calor continua no Sudeste neste domingo"},"content":{"rendered":"<p>\t\t\t\t\t\t\t\t\t\t<audio controls class=\"b61_audio_player\" data-noticia=\"80274\" src=\"https:\/\/brasil61.com\/rails\/active_storage\/blobs\/eyJfcmFpbHMiOnsibWVzc2FnZSI6IkJBaHBBNmswQXc9PSIsImV4cCI6bnVsbCwicHVyIjoiYmxvYl9pZCJ9fQ==--4ff96d142591496f44b3841af3e23713eb211045\/PTSD253973A\"><\/audio><\/p>\n<p>O calor continua no Sudeste do pa\u00eds, elevando as temperaturas em estados como Rio de Janeiro e Esp\u00edrito Santo. Neste domingo, a capital carioca segue com temperaturas alt\u00edssimas, de cerca de 40\u00baC e sensa\u00e7\u00e3o t\u00e9rmica muito maior, gra\u00e7as ao tempo seco e pouco vento.\u00a0<\/p>\n<p>Em todo o estado fluminense, a previs\u00e3o \u00e9 de um domingo seco e de temperaturas acima dos 35\u00baC. No Esp\u00edrito Santo, tamb\u00e9m com previs\u00e3o de muito calor, as m\u00e1ximas caem um pouco e ficam em torno dos 34\u00baC, assim como em Belo Horizonte. Minas e\u00a0Espirito Santo tamb\u00e9m n\u00e3o t\u00eam previs\u00e3o de chuva hoje.<\/p>\n<p>O alerta de chuvas intensas vem apenas para o sul do estado de S\u00e3o Paulo e litoral, onde pode chover forte, com risco de alagamentos e deslizamentos de terra. O tempo quente, \u00famido e abafado contribui ainda mais para a forma\u00e7\u00e3o de nuvens carregadas. Na capital paulista, os term\u00f4metros marcam 33\u00baC neste domingo.\u00a0<\/p>\n<p>As informa\u00e7\u00f5es s\u00e3o do Inmet.<\/p>\n<p>\n\u00a0<\/p>\n<p>\t\t\t\t\t\t\t\t\t<img loading=\"lazy\" decoding=\"async\" src=\"https:\/\/brasil61.com\/api\/v1\/serve_pixel\/17677\/80274\" alt=\"Pixel Brasil 61\" class=\"b61_pixel\" width=\"0\" height=\"0\"><\/p>\n<input type=\"hidden\" id=\"baseurl\" value=\"https:\/\/noticiasdestaque.com.br\"><input type=\"hidden\" id=\"audio_nonce\" value=\"6f73a554f1\">","protected":false},"excerpt":{"rendered":"<p>Mais um dia com calor\u00e3o no Rio de Janeiro e Vit\u00f3ria <\/p>\n","protected":false},"author":1,"featured_media":43311,"comment_status":"open","ping_status":"open","sticky":false,"template":"","format":"standard","meta":{"fifu_image_url":"","fifu_image_alt":"","footnotes":""},"categories":[58],"tags":[],"class_list":["post-43310","post","type-post","status-publish","format-standard","has-post-thumbnail","hentry","category-cotidiano"],"distributor_meta":false,"distributor_terms":false,"distributor_media":false,"distributor_original_site_name":"Noticias em Destaque","distributor_original_site_url":"https:\/\/noticiasdestaque.com.br","push-errors":false,"_links":{"self":[{"href":"https:\/\/noticiasdestaque.com.br\/index.php\/wp-json\/wp\/v2\/posts\/43310","targetHints":{"allow":["GET"]}}],"collection":[{"href":"https:\/\/noticiasdestaque.com.br\/index.php\/wp-json\/wp\/v2\/posts"}],"about":[{"href":"https:\/\/noticiasdestaque.com.br\/index.php\/wp-json\/wp\/v2\/types\/post"}],"author":[{"embeddable":true,"href":"https:\/\/noticiasdestaque.com.br\/index.php\/wp-json\/wp\/v2\/users\/1"}],"replies":[{"embeddable":true,"href":"https:\/\/noticiasdestaque.com.br\/index.php\/wp-json\/wp\/v2\/comments?post=43310"}],"version-history":[{"count":0,"href":"https:\/\/noticiasdestaque.com.br\/index.php\/wp-json\/wp\/v2\/posts\/43310\/revisions"}],"wp:featuredmedia":[{"embeddable":true,"href":"https:\/\/noticiasdestaque.com.br\/index.php\/wp-json\/wp\/v2\/media\/43311"}],"wp:attachment":[{"href":"https:\/\/noticiasdestaque.com.br\/index.php\/wp-json\/wp\/v2\/media?parent=43310"}],"wp:term":[{"taxonomy":"category","embeddable":true,"href":"https:\/\/noticiasdestaque.com.br\/index.php\/wp-json\/wp\/v2\/categories?post=43310"},{"taxonomy":"post_tag","embeddable":true,"href":"https:\/\/noticiasdestaque.com.br\/index.php\/wp-json\/wp\/v2\/tags?post=43310"}],"curies":[{"name":"wp","href":"https:\/\/api.w.org\/{rel}","templated":true}]}}