{"id":43300,"date":"2025-03-12T18:00:00","date_gmt":"2025-03-12T21:00:00","guid":{"rendered":"https:\/\/noticiasdestaque.com.br\/index.php\/2025\/03\/12\/previsao-do-tempo-alerta-de-perigo-potencial-de-chuvas-para-o-sudeste\/"},"modified":"2025-03-12T18:00:00","modified_gmt":"2025-03-12T21:00:00","slug":"previsao-do-tempo-alerta-de-perigo-potencial-de-chuvas-para-o-sudeste","status":"publish","type":"post","link":"https:\/\/noticiasdestaque.com.br\/index.php\/2025\/03\/12\/previsao-do-tempo-alerta-de-perigo-potencial-de-chuvas-para-o-sudeste\/","title":{"rendered":"PREVIS\u00c3O DO TEMPO: Alerta de perigo potencial de chuvas para o Sudeste"},"content":{"rendered":"<p>\t\t\t\t\t\t\t\t\t\t<audio controls class=\"b61_audio_player\" data-noticia=\"80734\" src=\"https:\/\/brasil61.com\/rails\/active_storage\/blobs\/eyJfcmFpbHMiOnsibWVzc2FnZSI6IkJBaHBBeWM4QXc9PSIsImV4cCI6bnVsbCwicHVyIjoiYmxvYl9pZCJ9fQ==--a75027f1aae7e27b144a8bc301e980fac5daf6f8\/PTSD253998A\"><\/audio><\/p>\n<p>Mais um dia com alerta de perigo potencial para chuvas intensas em parte dos estados do Sudeste. O Inmet emitiu notifica\u00e7\u00e3o que vale para todo o estado de S\u00e3o Paulo, sul, Zona da Mata e tri\u00e2ngulo mineiro, al\u00e9m da por\u00e7\u00e3o sul do estado do Rio de Janeiro. Nesses locais pode chover em volume maior em um curto per\u00edodo de tempo.\u00a0<\/p>\n<p>O tempo fica firme e ensolarado no centro-norte mineiro e em todo o Esp\u00edrito Santo, locais onde o sol aparece e faz calor. Em Una\u00ed (MG) faz 37\u00baC de m\u00e1xima e em Mucurici (ES) 34\u00baC. A capital carioca deve registrar 37\u00baC, com chance de chuvas isoladas. Em Vit\u00f3ria a m\u00e1xima chega aos 34\u00baC com sol entre nuvens.<\/p>\n<p>Em todo o estado de S\u00e3o Paulo h\u00e1 previs\u00e3o de chuva, com um maior volume previsto para o litoral. Na capital, onde tem chance de chover, a m\u00e1xima cai um pouco, 28\u00baC.\u00a0<\/p>\n<p>As informa\u00e7\u00f5es s\u00e3o do Inmet.<\/p>\n<p>\n\u00a0<\/p>\n<p>\t\t\t\t\t\t\t\t\t<img loading=\"lazy\" decoding=\"async\" src=\"https:\/\/brasil61.com\/api\/v1\/serve_pixel\/17677\/80734\" alt=\"Pixel Brasil 61\" class=\"b61_pixel\" width=\"0\" height=\"0\"><\/p>\n<input type=\"hidden\" id=\"baseurl\" value=\"https:\/\/noticiasdestaque.com.br\"><input type=\"hidden\" id=\"audio_nonce\" value=\"5128c810d9\">","protected":false},"excerpt":{"rendered":"<p>S\u00e3o Paulo, sul e tri\u00e2ngulo mineiro sob risco de chuva forte<\/p>\n","protected":false},"author":1,"featured_media":43301,"comment_status":"open","ping_status":"open","sticky":false,"template":"","format":"standard","meta":{"fifu_image_url":"","fifu_image_alt":"","footnotes":""},"categories":[58],"tags":[],"class_list":["post-43300","post","type-post","status-publish","format-standard","has-post-thumbnail","hentry","category-cotidiano"],"distributor_meta":false,"distributor_terms":false,"distributor_media":false,"distributor_original_site_name":"Noticias em Destaque","distributor_original_site_url":"https:\/\/noticiasdestaque.com.br","push-errors":false,"_links":{"self":[{"href":"https:\/\/noticiasdestaque.com.br\/index.php\/wp-json\/wp\/v2\/posts\/43300","targetHints":{"allow":["GET"]}}],"collection":[{"href":"https:\/\/noticiasdestaque.com.br\/index.php\/wp-json\/wp\/v2\/posts"}],"about":[{"href":"https:\/\/noticiasdestaque.com.br\/index.php\/wp-json\/wp\/v2\/types\/post"}],"author":[{"embeddable":true,"href":"https:\/\/noticiasdestaque.com.br\/index.php\/wp-json\/wp\/v2\/users\/1"}],"replies":[{"embeddable":true,"href":"https:\/\/noticiasdestaque.com.br\/index.php\/wp-json\/wp\/v2\/comments?post=43300"}],"version-history":[{"count":0,"href":"https:\/\/noticiasdestaque.com.br\/index.php\/wp-json\/wp\/v2\/posts\/43300\/revisions"}],"wp:featuredmedia":[{"embeddable":true,"href":"https:\/\/noticiasdestaque.com.br\/index.php\/wp-json\/wp\/v2\/media\/43301"}],"wp:attachment":[{"href":"https:\/\/noticiasdestaque.com.br\/index.php\/wp-json\/wp\/v2\/media?parent=43300"}],"wp:term":[{"taxonomy":"category","embeddable":true,"href":"https:\/\/noticiasdestaque.com.br\/index.php\/wp-json\/wp\/v2\/categories?post=43300"},{"taxonomy":"post_tag","embeddable":true,"href":"https:\/\/noticiasdestaque.com.br\/index.php\/wp-json\/wp\/v2\/tags?post=43300"}],"curies":[{"name":"wp","href":"https:\/\/api.w.org\/{rel}","templated":true}]}}