{"id":43268,"date":"2025-03-05T18:00:00","date_gmt":"2025-03-05T21:00:00","guid":{"rendered":"https:\/\/noticiasdestaque.com.br\/index.php\/2025\/03\/05\/previsao-do-tempo-sul-tera-chuva-e-calor-nesta-quinta-feira-6\/"},"modified":"2025-03-05T18:00:00","modified_gmt":"2025-03-05T21:00:00","slug":"previsao-do-tempo-sul-tera-chuva-e-calor-nesta-quinta-feira-6","status":"publish","type":"post","link":"https:\/\/noticiasdestaque.com.br\/index.php\/2025\/03\/05\/previsao-do-tempo-sul-tera-chuva-e-calor-nesta-quinta-feira-6\/","title":{"rendered":"PREVIS\u00c3O DO TEMPO: Sul ter\u00e1 chuva e calor, nesta quinta-feira (6)"},"content":{"rendered":"<p>\t\t\t\t\t\t\t\t\t\t<audio controls class=\"b61_audio_player\" data-noticia=\"80613\" src=\"https:\/\/brasil61.com\/rails\/active_storage\/blobs\/eyJfcmFpbHMiOnsibWVzc2FnZSI6IkJBaHBBNnM1QXc9PSIsImV4cCI6bnVsbCwicHVyIjoiYmxvYl9pZCJ9fQ==--19b22e5fae3dbbddb419573d79bc25d03a17b36a\/PTRS253873A\"><\/audio><\/p>\n<p>Nesta quinta-feira (6), a regi\u00e3o Sul do pa\u00eds ter\u00e1 chuva e calor, com varia\u00e7\u00e3o de c\u00e9u entre poucas e muitas nuvens em grande parte do territ\u00f3rio.<\/p>\n<p>Para regi\u00f5es do RS, SC e PR h\u00e1 alerta de grande perigo de onda de calor com risco \u00e0 sa\u00fade. O aviso vai at\u00e9 8 de mar\u00e7o e cobre o Oeste Catarinense,\u00a0Centro Ocidental, Norte Central, Noroeste, Oeste, Sudoeste e\u00a0Centro-Sul Paranaense, bem como todo o RS, exceto o litoral, que deve ter c\u00e9u com poucas nuvens.<\/p>\n<p>Regi\u00f5es oeste e norte do PR devem ter c\u00e9u com muitas nuvens com pancadas de chuva e trovoadas isoladas. A previs\u00e3o \u00e9 semelhante para o extremo oeste catarinense e rio-grandense.\u00a0<\/p>\n<p>Para mar\u00e7o, o Instituto Nacional de Meteorologia publicou que\u00a0em grande parte da Regi\u00e3o Sul\u00a0a previs\u00e3o \u00e9 de chuvas pr\u00f3ximas e abaixo da m\u00e9dia. Por\u00e9m, no norte do Rio Grande do Sul e na faixa central e leste de Santa Catarina, os acumulados poder\u00e3o ficar acima da m\u00e9dia hist\u00f3rica, acima de 130 mm.<\/p>\n<p>Em rela\u00e7\u00e3o \u00e0s temperaturas em mar\u00e7o no Sul,\u00a0a previs\u00e3o indica que estar\u00e3o acima da m\u00e9dia em grande parte do territ\u00f3rio, bem como nas Regi\u00f5es Sudeste, Centro-Oeste e\u00a0interior da Regi\u00e3o Nordeste.<\/p>\n<p>Entre as capitais, a temperatura m\u00ednima prevista \u00e9 de 19\u00b0C, em Curitiba. J\u00e1 a m\u00e1xima pode chegar a 37\u00b0C, em Porto Alegre. A umidade relativa do ar varia entre 40% e 90%.<\/p>\n<p>As informa\u00e7\u00f5es s\u00e3o do Instituto Nacional de Meteorologia. \u00a0<\/p>\n<p>\u00a0<\/p>\n<p>\t\t\t\t\t\t\t\t\t<img loading=\"lazy\" decoding=\"async\" src=\"https:\/\/brasil61.com\/api\/v1\/serve_pixel\/17677\/80613\" alt=\"Pixel Brasil 61\" class=\"b61_pixel\" width=\"0\" height=\"0\"><\/p>\n<input type=\"hidden\" id=\"baseurl\" value=\"https:\/\/noticiasdestaque.com.br\"><input type=\"hidden\" id=\"audio_nonce\" value=\"6f73a554f1\">","protected":false},"excerpt":{"rendered":"<p>Alerta de onda de calor com risco \u00e0 sa\u00fade cobre RS, PR  e SC<\/p>\n","protected":false},"author":1,"featured_media":43269,"comment_status":"open","ping_status":"open","sticky":false,"template":"","format":"standard","meta":{"fifu_image_url":"","fifu_image_alt":"","footnotes":""},"categories":[58],"tags":[],"class_list":["post-43268","post","type-post","status-publish","format-standard","has-post-thumbnail","hentry","category-cotidiano"],"distributor_meta":false,"distributor_terms":false,"distributor_media":false,"distributor_original_site_name":"Noticias em Destaque","distributor_original_site_url":"https:\/\/noticiasdestaque.com.br","push-errors":false,"_links":{"self":[{"href":"https:\/\/noticiasdestaque.com.br\/index.php\/wp-json\/wp\/v2\/posts\/43268","targetHints":{"allow":["GET"]}}],"collection":[{"href":"https:\/\/noticiasdestaque.com.br\/index.php\/wp-json\/wp\/v2\/posts"}],"about":[{"href":"https:\/\/noticiasdestaque.com.br\/index.php\/wp-json\/wp\/v2\/types\/post"}],"author":[{"embeddable":true,"href":"https:\/\/noticiasdestaque.com.br\/index.php\/wp-json\/wp\/v2\/users\/1"}],"replies":[{"embeddable":true,"href":"https:\/\/noticiasdestaque.com.br\/index.php\/wp-json\/wp\/v2\/comments?post=43268"}],"version-history":[{"count":0,"href":"https:\/\/noticiasdestaque.com.br\/index.php\/wp-json\/wp\/v2\/posts\/43268\/revisions"}],"wp:featuredmedia":[{"embeddable":true,"href":"https:\/\/noticiasdestaque.com.br\/index.php\/wp-json\/wp\/v2\/media\/43269"}],"wp:attachment":[{"href":"https:\/\/noticiasdestaque.com.br\/index.php\/wp-json\/wp\/v2\/media?parent=43268"}],"wp:term":[{"taxonomy":"category","embeddable":true,"href":"https:\/\/noticiasdestaque.com.br\/index.php\/wp-json\/wp\/v2\/categories?post=43268"},{"taxonomy":"post_tag","embeddable":true,"href":"https:\/\/noticiasdestaque.com.br\/index.php\/wp-json\/wp\/v2\/tags?post=43268"}],"curies":[{"name":"wp","href":"https:\/\/api.w.org\/{rel}","templated":true}]}}