{"id":43262,"date":"2025-02-18T18:00:00","date_gmt":"2025-02-18T21:00:00","guid":{"rendered":"https:\/\/noticiasdestaque.com.br\/index.php\/2025\/02\/18\/previsao-do-tempo-sul-tera-chuvas-intensas-e-tempestade-nesta-quarta-feira-19\/"},"modified":"2025-02-18T18:00:00","modified_gmt":"2025-02-18T21:00:00","slug":"previsao-do-tempo-sul-tera-chuvas-intensas-e-tempestade-nesta-quarta-feira-19","status":"publish","type":"post","link":"https:\/\/noticiasdestaque.com.br\/index.php\/2025\/02\/18\/previsao-do-tempo-sul-tera-chuvas-intensas-e-tempestade-nesta-quarta-feira-19\/","title":{"rendered":"PREVIS\u00c3O DO TEMPO: Sul ter\u00e1 chuvas intensas e tempestade, nesta quarta-feira (19)"},"content":{"rendered":"<p>\t\t\t\t\t\t\t\t\t\t<audio controls class=\"b61_audio_player\" data-noticia=\"80335\" src=\"https:\/\/brasil61.com\/rails\/active_storage\/blobs\/eyJfcmFpbHMiOnsibWVzc2FnZSI6IkJBaHBBNGsxQXc9PSIsImV4cCI6bnVsbCwicHVyIjoiYmxvYl9pZCJ9fQ==--53e14615fcb5deff631da34a46d2fe4bab472ae3\/PTRS253859A\"><\/audio><\/p>\n<p>A regi\u00e3o Sul do pa\u00eds ter\u00e1 chuvas intensas e tempestade, nesta quarta-feira (19).<\/p>\n<p>Paran\u00e1 ser\u00e1 o estado mais chuvoso, com alerta de chuvas intensas de perigo potencial, de at\u00e9 50 mm,\u00a0nas regi\u00f5es Sudeste e Sudoeste. Nas demais regi\u00f5es do estado o aviso \u00e9 de tempestade de perigo potencial, de at\u00e9 50 mm e queda de granizo.\u00a0<\/p>\n<p>Alerta de tempestade cobre toda a extens\u00e3o de Santa Catarina e as regi\u00f5es Nordeste e Noroeste do Rio Grande do Sul.\u00a0<\/p>\n<p>Muitas nuvens com pancadas de chuva e trovoadas isoladas para o litoral rio-grandense e poucas nuvens para o oeste do estado.<\/p>\n<p>Entre as capitais, a temperatura m\u00ednima prevista \u00e9 de 19\u00b0C, em Curitiba e Porto Alegre. J\u00e1 a m\u00e1xima pode chegar a 28\u00b0C, em Curitiba.\u00a0<\/p>\n<p>As informa\u00e7\u00f5es s\u00e3o do Instituto Nacional de Meteorologia. \u00a0<\/p>\n<p>\u00a0<\/p>\n<p>\t\t\t\t\t\t\t\t\t<img loading=\"lazy\" decoding=\"async\" src=\"https:\/\/brasil61.com\/api\/v1\/serve_pixel\/17677\/80335\" alt=\"Pixel Brasil 61\" class=\"b61_pixel\" width=\"0\" height=\"0\"><\/p>\n<input type=\"hidden\" id=\"baseurl\" value=\"https:\/\/noticiasdestaque.com.br\"><input type=\"hidden\" id=\"audio_nonce\" value=\"eb7638fb71\">","protected":false},"excerpt":{"rendered":"<p>Alertas s\u00f3 n\u00e3o cobrem RS, com exce\u00e7\u00e3o do noroeste e nordeste rio-grandense<\/p>\n","protected":false},"author":1,"featured_media":43263,"comment_status":"open","ping_status":"open","sticky":false,"template":"","format":"standard","meta":{"fifu_image_url":"","fifu_image_alt":"","footnotes":""},"categories":[58],"tags":[],"class_list":["post-43262","post","type-post","status-publish","format-standard","has-post-thumbnail","hentry","category-cotidiano"],"distributor_meta":false,"distributor_terms":false,"distributor_media":false,"distributor_original_site_name":"Noticias em Destaque","distributor_original_site_url":"https:\/\/noticiasdestaque.com.br","push-errors":false,"_links":{"self":[{"href":"https:\/\/noticiasdestaque.com.br\/index.php\/wp-json\/wp\/v2\/posts\/43262","targetHints":{"allow":["GET"]}}],"collection":[{"href":"https:\/\/noticiasdestaque.com.br\/index.php\/wp-json\/wp\/v2\/posts"}],"about":[{"href":"https:\/\/noticiasdestaque.com.br\/index.php\/wp-json\/wp\/v2\/types\/post"}],"author":[{"embeddable":true,"href":"https:\/\/noticiasdestaque.com.br\/index.php\/wp-json\/wp\/v2\/users\/1"}],"replies":[{"embeddable":true,"href":"https:\/\/noticiasdestaque.com.br\/index.php\/wp-json\/wp\/v2\/comments?post=43262"}],"version-history":[{"count":0,"href":"https:\/\/noticiasdestaque.com.br\/index.php\/wp-json\/wp\/v2\/posts\/43262\/revisions"}],"wp:featuredmedia":[{"embeddable":true,"href":"https:\/\/noticiasdestaque.com.br\/index.php\/wp-json\/wp\/v2\/media\/43263"}],"wp:attachment":[{"href":"https:\/\/noticiasdestaque.com.br\/index.php\/wp-json\/wp\/v2\/media?parent=43262"}],"wp:term":[{"taxonomy":"category","embeddable":true,"href":"https:\/\/noticiasdestaque.com.br\/index.php\/wp-json\/wp\/v2\/categories?post=43262"},{"taxonomy":"post_tag","embeddable":true,"href":"https:\/\/noticiasdestaque.com.br\/index.php\/wp-json\/wp\/v2\/tags?post=43262"}],"curies":[{"name":"wp","href":"https:\/\/api.w.org\/{rel}","templated":true}]}}