{"id":43238,"date":"2025-04-15T18:00:00","date_gmt":"2025-04-15T21:00:00","guid":{"rendered":"https:\/\/noticiasdestaque.com.br\/index.php\/2025\/04\/15\/previsao-do-tempo-centro-oeste-sob-alerta-de-temporais\/"},"modified":"2025-04-15T18:00:00","modified_gmt":"2025-04-15T21:00:00","slug":"previsao-do-tempo-centro-oeste-sob-alerta-de-temporais","status":"publish","type":"post","link":"https:\/\/noticiasdestaque.com.br\/index.php\/2025\/04\/15\/previsao-do-tempo-centro-oeste-sob-alerta-de-temporais\/","title":{"rendered":"PREVIS\u00c3O DO TEMPO: Centro-Oeste sob alerta de temporais"},"content":{"rendered":"<p>\t\t\t\t\t\t\t\t\t\t<audio controls class=\"b61_audio_player\" data-noticia=\"81411\" src=\"https:\/\/brasil61.com\/rails\/active_storage\/blobs\/eyJfcmFpbHMiOnsibWVzc2FnZSI6IkJBaHBBMHBJQXc9PSIsImV4cCI6bnVsbCwicHVyIjoiYmxvYl9pZCJ9fQ==--9db9314547124bb1235326d1f2744d8b4da3c8f9\/PTCO254047A\"><\/audio><\/p>\n<p>Nesta quarta-feira as chuvas se intensificam em \u00e1reas do Centro-Oeste do pa\u00eds. Segundo o Inmet, a previs\u00e3o \u00e9 que a instabilidade ganhe for\u00e7a durante a madrugada e as zonas de instabilidade atinjam o centro-leste e nordeste de Mato Grosso do Sul, \u00e1reas de Mato Grosso, Goi\u00e1s e Distrito Federal.\u00a0<\/p>\n<p>Sob alerta laranja, ainda mais grave, sul de Goi\u00e1s e nordeste de Mato Grosso do Sul. Nessas regi\u00f5es a previs\u00e3o \u00e9 de grandes volumes de chuva, acompanhados de rajadas de vento que podem chegar a 100 km\/h.<\/p>\n<p>Possibilidade de tempo firme apenas no sul de Mato Grosso do Sul e sudoeste de Mato Grosso. Tanto na capital, Campo Grande, quanto no interior, em Ponta Por\u00e3, as m\u00e1ximas n\u00e3o passam dos 28\u00baC, num dia marcado por pancadas de chuva.<\/p>\n<p>\u00a0Em Goi\u00e1s, no Distrito Federal e em Mato Grosso, o sol at\u00e9 aparece entre nuvens e pancadas de chuva. A temperatura cai um pouco no DF, n\u00e3o passa dos 26\u00baC;\u00a0 em Cuiab\u00e1 chega aos 32\u00baC e faz 30\u00baC em Goi\u00e2nia.<\/p>\n<p>As informa\u00e7\u00f5es s\u00e3o do Inmet<\/p>\n<p>\n\u00a0<\/p>\n<p>\t\t\t\t\t\t\t\t\t<img loading=\"lazy\" decoding=\"async\" src=\"https:\/\/brasil61.com\/api\/v1\/serve_pixel\/17677\/81411\" alt=\"Pixel Brasil 61\" class=\"b61_pixel\" width=\"0\" height=\"0\"><\/p>\n<input type=\"hidden\" id=\"baseurl\" value=\"https:\/\/noticiasdestaque.com.br\"><input type=\"hidden\" id=\"audio_nonce\" value=\"c9f06e19e6\">","protected":false},"excerpt":{"rendered":"<p>Apenas sul de Mato Grosso do Sul est\u00e1 fora da zona de perigo<\/p>\n","protected":false},"author":1,"featured_media":43239,"comment_status":"open","ping_status":"open","sticky":false,"template":"","format":"standard","meta":{"fifu_image_url":"","fifu_image_alt":"","footnotes":""},"categories":[58],"tags":[],"class_list":["post-43238","post","type-post","status-publish","format-standard","has-post-thumbnail","hentry","category-cotidiano"],"distributor_meta":false,"distributor_terms":false,"distributor_media":false,"distributor_original_site_name":"Noticias em Destaque","distributor_original_site_url":"https:\/\/noticiasdestaque.com.br","push-errors":false,"_links":{"self":[{"href":"https:\/\/noticiasdestaque.com.br\/index.php\/wp-json\/wp\/v2\/posts\/43238","targetHints":{"allow":["GET"]}}],"collection":[{"href":"https:\/\/noticiasdestaque.com.br\/index.php\/wp-json\/wp\/v2\/posts"}],"about":[{"href":"https:\/\/noticiasdestaque.com.br\/index.php\/wp-json\/wp\/v2\/types\/post"}],"author":[{"embeddable":true,"href":"https:\/\/noticiasdestaque.com.br\/index.php\/wp-json\/wp\/v2\/users\/1"}],"replies":[{"embeddable":true,"href":"https:\/\/noticiasdestaque.com.br\/index.php\/wp-json\/wp\/v2\/comments?post=43238"}],"version-history":[{"count":0,"href":"https:\/\/noticiasdestaque.com.br\/index.php\/wp-json\/wp\/v2\/posts\/43238\/revisions"}],"wp:featuredmedia":[{"embeddable":true,"href":"https:\/\/noticiasdestaque.com.br\/index.php\/wp-json\/wp\/v2\/media\/43239"}],"wp:attachment":[{"href":"https:\/\/noticiasdestaque.com.br\/index.php\/wp-json\/wp\/v2\/media?parent=43238"}],"wp:term":[{"taxonomy":"category","embeddable":true,"href":"https:\/\/noticiasdestaque.com.br\/index.php\/wp-json\/wp\/v2\/categories?post=43238"},{"taxonomy":"post_tag","embeddable":true,"href":"https:\/\/noticiasdestaque.com.br\/index.php\/wp-json\/wp\/v2\/tags?post=43238"}],"curies":[{"name":"wp","href":"https:\/\/api.w.org\/{rel}","templated":true}]}}