{"id":43192,"date":"2025-02-10T18:00:00","date_gmt":"2025-02-10T21:00:00","guid":{"rendered":"https:\/\/noticiasdestaque.com.br\/index.php\/2025\/02\/10\/previsao-do-tempo-sudeste-tera-muitas-nuvens-com-possibilidade-de-chuvas-isoladas-nesta-terca-feira-11\/"},"modified":"2025-02-10T18:00:00","modified_gmt":"2025-02-10T21:00:00","slug":"previsao-do-tempo-sudeste-tera-muitas-nuvens-com-possibilidade-de-chuvas-isoladas-nesta-terca-feira-11","status":"publish","type":"post","link":"https:\/\/noticiasdestaque.com.br\/index.php\/2025\/02\/10\/previsao-do-tempo-sudeste-tera-muitas-nuvens-com-possibilidade-de-chuvas-isoladas-nesta-terca-feira-11\/","title":{"rendered":"PREVIS\u00c3O DO TEMPO: Sudeste ter\u00e1 muitas nuvens com possibilidade de chuvas isoladas,  nesta ter\u00e7a-feira (11)"},"content":{"rendered":"<p>\t\t\t\t\t\t\t\t\t\t<audio controls class=\"b61_audio_player\" data-noticia=\"80160\" src=\"https:\/\/brasil61.com\/rails\/active_storage\/blobs\/eyJfcmFpbHMiOnsibWVzc2FnZSI6IkJBaHBBd1V6QXc9PSIsImV4cCI6bnVsbCwicHVyIjoiYmxvYl9pZCJ9fQ==--32270d0b543b441e1024887a4adec410c00ae234\/PTSD253969A\"><\/audio><\/p>\n<p>A regi\u00e3o Sudeste do pa\u00eds ter\u00e1 muitas nuvens com possibilidade de chuva isoladas, nesta ter\u00e7a-feira (11).<\/p>\n<p>Para S\u00e3o Paulo, h\u00e1 aviso de chuvas intensas e de tempestade, ambos de perigo potencial, com chuva de at\u00e9 50 mm. As \u00e1reas afetadas ser\u00e3o:\u00a0S\u00e3o Jos\u00e9 do Rio Preto, Ara\u00e7atuba, Mar\u00edlia, Ribeir\u00e3o Preto, Assis e\u00a0Bauru.<\/p>\n<p>Rio de Janeiro e Esp\u00edrito Santo devem ter varia\u00e7\u00e3o entre poucas e muitas nuvens. Condi\u00e7\u00e3o semelhante para o leste de Minas Gerais. J\u00e1 o oeste mineiro\u00a0ter\u00e1 muitas nuvens com possibilidade de chuvas isoladas.<\/p>\n<p>Entre as capitais, a temperatura m\u00ednima prevista nesta ter\u00e7a-feira \u00e9 de 19\u00b0C, em S\u00e3o Paulo. J\u00e1 a m\u00e1xima pode chegar a 37\u00b0C, no Rio de Janeiro. A umidade relativa do ar varia entre 30% e 100%.<\/p>\n<p>As informa\u00e7\u00f5es s\u00e3o do Instituto Nacional de Meteorologia. \u00a0<\/p>\n<p>\u00a0<\/p>\n<p>\u00a0<\/p>\n<p>\t\t\t\t\t\t\t\t\t<img loading=\"lazy\" decoding=\"async\" src=\"https:\/\/brasil61.com\/api\/v1\/serve_pixel\/17677\/80160\" alt=\"Pixel Brasil 61\" class=\"b61_pixel\" width=\"0\" height=\"0\"><\/p>\n<input type=\"hidden\" id=\"baseurl\" value=\"https:\/\/noticiasdestaque.com.br\"><input type=\"hidden\" id=\"audio_nonce\" value=\"34245022d4\">","protected":false},"excerpt":{"rendered":"<p>H\u00e1 aviso de chuvas intensas e tempestade para SP<\/p>\n","protected":false},"author":1,"featured_media":43193,"comment_status":"open","ping_status":"open","sticky":false,"template":"","format":"standard","meta":{"fifu_image_url":"","fifu_image_alt":"","footnotes":""},"categories":[58],"tags":[],"class_list":["post-43192","post","type-post","status-publish","format-standard","has-post-thumbnail","hentry","category-cotidiano"],"distributor_meta":false,"distributor_terms":false,"distributor_media":false,"distributor_original_site_name":"Noticias em Destaque","distributor_original_site_url":"https:\/\/noticiasdestaque.com.br","push-errors":false,"_links":{"self":[{"href":"https:\/\/noticiasdestaque.com.br\/index.php\/wp-json\/wp\/v2\/posts\/43192","targetHints":{"allow":["GET"]}}],"collection":[{"href":"https:\/\/noticiasdestaque.com.br\/index.php\/wp-json\/wp\/v2\/posts"}],"about":[{"href":"https:\/\/noticiasdestaque.com.br\/index.php\/wp-json\/wp\/v2\/types\/post"}],"author":[{"embeddable":true,"href":"https:\/\/noticiasdestaque.com.br\/index.php\/wp-json\/wp\/v2\/users\/1"}],"replies":[{"embeddable":true,"href":"https:\/\/noticiasdestaque.com.br\/index.php\/wp-json\/wp\/v2\/comments?post=43192"}],"version-history":[{"count":0,"href":"https:\/\/noticiasdestaque.com.br\/index.php\/wp-json\/wp\/v2\/posts\/43192\/revisions"}],"wp:featuredmedia":[{"embeddable":true,"href":"https:\/\/noticiasdestaque.com.br\/index.php\/wp-json\/wp\/v2\/media\/43193"}],"wp:attachment":[{"href":"https:\/\/noticiasdestaque.com.br\/index.php\/wp-json\/wp\/v2\/media?parent=43192"}],"wp:term":[{"taxonomy":"category","embeddable":true,"href":"https:\/\/noticiasdestaque.com.br\/index.php\/wp-json\/wp\/v2\/categories?post=43192"},{"taxonomy":"post_tag","embeddable":true,"href":"https:\/\/noticiasdestaque.com.br\/index.php\/wp-json\/wp\/v2\/tags?post=43192"}],"curies":[{"name":"wp","href":"https:\/\/api.w.org\/{rel}","templated":true}]}}