{"id":43184,"date":"2025-02-15T18:00:00","date_gmt":"2025-02-15T21:00:00","guid":{"rendered":"https:\/\/noticiasdestaque.com.br\/index.php\/2025\/02\/15\/previsao-do-tempo-amazonas-e-para-com-previsao-de-acumulados-de-chuva\/"},"modified":"2025-02-15T18:00:00","modified_gmt":"2025-02-15T21:00:00","slug":"previsao-do-tempo-amazonas-e-para-com-previsao-de-acumulados-de-chuva","status":"publish","type":"post","link":"https:\/\/noticiasdestaque.com.br\/index.php\/2025\/02\/15\/previsao-do-tempo-amazonas-e-para-com-previsao-de-acumulados-de-chuva\/","title":{"rendered":"PREVIS\u00c3O DO TEMPO: Amazonas e Par\u00e1 com previs\u00e3o de acumulados de chuva"},"content":{"rendered":"<p>\t\t\t\t\t\t\t\t\t\t<audio controls class=\"b61_audio_player\" data-noticia=\"80270\" src=\"https:\/\/brasil61.com\/rails\/active_storage\/blobs\/eyJfcmFpbHMiOnsibWVzc2FnZSI6IkJBaHBBNmMwQXc9PSIsImV4cCI6bnVsbCwicHVyIjoiYmxvYl9pZCJ9fQ==--76491b7fad15bedb705cebac76a7f1be0d63e9ca\/PTRN254338A\"><\/audio><\/p>\n<p>Domingo chuvoso com alerta de perigo para os estados da Regi\u00e3o Norte. S\u00e3o tr\u00eas alertas emitidos pelo Inmet, um de perigo potencial e dois de perigo para chuvas intensas. O alerta laranja, mais grave, cobre Rond\u00f4nia, leste do Amazonas, oeste do Par\u00e1 e leste do Amap\u00e1. \u00a0S\u00e3o regi\u00f5es onde o volume de chuva ser\u00e1 intenso, com risco de alagamentos e de queda de energia.<\/p>\n<p>No restante da regi\u00e3o\u00a0tamb\u00e9m h\u00e1 alerta de perigo, mas a chuva e os ventos chegam com menor intensidade.\u00a0<\/p>\n<p>As capitais mais chuvosas ser\u00e3o Macap\u00e1 e Porto Velho, onde as temperaturas m\u00e1ximas previstas chegam aos 30\u00baC. Em Manaus e Bel\u00e9m chove em \u00e1reas isoladas e h\u00e1 risco de raios. Sol aparece entre nuvens em Rio Branco (AC) e\u00a0Palmas (TO), com m\u00e1ximas de 30\u00baC. Destaque para a capital de Roraima, Boa Vista, onde a m\u00e1xima chega aos 37\u00baC neste domingo.<\/p>\n<p>As informa\u00e7\u00f5es s\u00e3o do Inmet<\/p>\n<p>\n\u00a0<\/p>\n<p>\t\t\t\t\t\t\t\t\t<img loading=\"lazy\" decoding=\"async\" src=\"https:\/\/brasil61.com\/api\/v1\/serve_pixel\/17677\/80270\" alt=\"Pixel Brasil 61\" class=\"b61_pixel\" width=\"0\" height=\"0\"><\/p>\n<input type=\"hidden\" id=\"baseurl\" value=\"https:\/\/noticiasdestaque.com.br\"><input type=\"hidden\" id=\"audio_nonce\" value=\"6f73a554f1\">","protected":false},"excerpt":{"rendered":"<p>Estados do Norte t\u00eam o maior ac\u00famulo de chuvas previsto do Brasil, com temporais concentrados no centro leste do Amazonas e oeste do Par\u00e1<\/p>\n","protected":false},"author":1,"featured_media":43185,"comment_status":"open","ping_status":"open","sticky":false,"template":"","format":"standard","meta":{"fifu_image_url":"","fifu_image_alt":"","footnotes":""},"categories":[58],"tags":[],"class_list":["post-43184","post","type-post","status-publish","format-standard","has-post-thumbnail","hentry","category-cotidiano"],"distributor_meta":false,"distributor_terms":false,"distributor_media":false,"distributor_original_site_name":"Noticias em Destaque","distributor_original_site_url":"https:\/\/noticiasdestaque.com.br","push-errors":false,"_links":{"self":[{"href":"https:\/\/noticiasdestaque.com.br\/index.php\/wp-json\/wp\/v2\/posts\/43184","targetHints":{"allow":["GET"]}}],"collection":[{"href":"https:\/\/noticiasdestaque.com.br\/index.php\/wp-json\/wp\/v2\/posts"}],"about":[{"href":"https:\/\/noticiasdestaque.com.br\/index.php\/wp-json\/wp\/v2\/types\/post"}],"author":[{"embeddable":true,"href":"https:\/\/noticiasdestaque.com.br\/index.php\/wp-json\/wp\/v2\/users\/1"}],"replies":[{"embeddable":true,"href":"https:\/\/noticiasdestaque.com.br\/index.php\/wp-json\/wp\/v2\/comments?post=43184"}],"version-history":[{"count":0,"href":"https:\/\/noticiasdestaque.com.br\/index.php\/wp-json\/wp\/v2\/posts\/43184\/revisions"}],"wp:featuredmedia":[{"embeddable":true,"href":"https:\/\/noticiasdestaque.com.br\/index.php\/wp-json\/wp\/v2\/media\/43185"}],"wp:attachment":[{"href":"https:\/\/noticiasdestaque.com.br\/index.php\/wp-json\/wp\/v2\/media?parent=43184"}],"wp:term":[{"taxonomy":"category","embeddable":true,"href":"https:\/\/noticiasdestaque.com.br\/index.php\/wp-json\/wp\/v2\/categories?post=43184"},{"taxonomy":"post_tag","embeddable":true,"href":"https:\/\/noticiasdestaque.com.br\/index.php\/wp-json\/wp\/v2\/tags?post=43184"}],"curies":[{"name":"wp","href":"https:\/\/api.w.org\/{rel}","templated":true}]}}