{"id":43174,"date":"2025-02-17T18:00:00","date_gmt":"2025-02-17T21:00:00","guid":{"rendered":"https:\/\/noticiasdestaque.com.br\/index.php\/2025\/02\/17\/previsao-do-tempo-nordeste-varia-entre-ceu-nublado-e-com-muitas-nuvens-nesta-terca-feira-18\/"},"modified":"2025-02-17T18:00:00","modified_gmt":"2025-02-17T21:00:00","slug":"previsao-do-tempo-nordeste-varia-entre-ceu-nublado-e-com-muitas-nuvens-nesta-terca-feira-18","status":"publish","type":"post","link":"https:\/\/noticiasdestaque.com.br\/index.php\/2025\/02\/17\/previsao-do-tempo-nordeste-varia-entre-ceu-nublado-e-com-muitas-nuvens-nesta-terca-feira-18\/","title":{"rendered":"PREVIS\u00c3O DO TEMPO: Nordeste varia entre c\u00e9u nublado e com muitas nuvens, nesta ter\u00e7a-feira (18)"},"content":{"rendered":"<p>\t\t\t\t\t\t\t\t\t\t<audio controls class=\"b61_audio_player\" data-noticia=\"80317\" src=\"https:\/\/brasil61.com\/rails\/active_storage\/blobs\/eyJfcmFpbHMiOnsibWVzc2FnZSI6IkJBaHBBeEExQXc9PSIsImV4cCI6bnVsbCwicHVyIjoiYmxvYl9pZCJ9fQ==--cf90bd3f83ba827a8e162e1432df5fa3e234c870\/PTND254586A\"><\/audio><\/p>\n<p>A regi\u00e3o Nordeste varia entre c\u00e9u nublado e com muitas nuvens, nesta ter\u00e7a-feira (18).<\/p>\n<p>Aviso de chuvas intensas cobre MA, PI, CE, PB e RN. A chuva \u00e9 de perigo potencial e deve ter at\u00e9 50 mm. Alerta cobre todo o MA, norte, sudoeste e\u00a0Centro-Norte Piauiense, Norte,\u00a0Noroeste e Sert\u00f5es Cearenses, bem como Leste, Oeste, Central e\u00a0Agreste Potiguar , al\u00e9m das regi\u00f5es da Mata e do Agreste Paraibano. Para essas regi\u00f5es, c\u00e9u nublado com pancadas de chuva e trovoadas isoladas.<\/p>\n<p>Para PE, AL, SE e BA c\u00e9u variando entre poucas e muitas nuvens, com possibilidade de chuva ao litoral.<\/p>\n<p>Na \u00faltima segunda (17), teve in\u00edcio no pa\u00eds uma terceira onda de calor. Inicialmente, o fen\u00f4meno deve afetar \u00e1reas dos estados do Mato Grosso do Sul, S\u00e3o Paulo, Minas Gerais, Santa Catarina e\u00a0Paran\u00e1, se estendendo, posteriormente, pelos estados do Goi\u00e1s e da Bahia. As \u00e1reas devem ser afetadas com temperaturas m\u00e1ximas que podem superar em mais de 5\u00b0C a m\u00e9dia climatol\u00f3gica.<\/p>\n<p>Entre as capitais nordestinas, a temperatura m\u00ednima prevista para esta ter\u00e7a-feira (18) \u00e9 de 23\u00b0C, em Macei\u00f3 e S\u00e3o Lu\u00eds.\u00a0J\u00e1 a m\u00e1xima pode chegar a 33\u00b0C, em Salvador.\u00a0<\/p>\n<p>As informa\u00e7\u00f5es s\u00e3o do Instituto Nacional de Meteorologia. \u00a0<\/p>\n<p>\u00a0<\/p>\n<p>\t\t\t\t\t\t\t\t\t<img loading=\"lazy\" decoding=\"async\" src=\"https:\/\/brasil61.com\/api\/v1\/serve_pixel\/17677\/80317\" alt=\"Pixel Brasil 61\" class=\"b61_pixel\" width=\"0\" height=\"0\"><\/p>\n<input type=\"hidden\" id=\"baseurl\" value=\"https:\/\/noticiasdestaque.com.br\"><input type=\"hidden\" id=\"audio_nonce\" value=\"581f3017e1\">","protected":false},"excerpt":{"rendered":"<p>Aviso de chuvas intensas cobre MA, PI, CE, PB e RN<\/p>\n","protected":false},"author":1,"featured_media":43175,"comment_status":"open","ping_status":"open","sticky":false,"template":"","format":"standard","meta":{"fifu_image_url":"","fifu_image_alt":"","footnotes":""},"categories":[58],"tags":[],"class_list":["post-43174","post","type-post","status-publish","format-standard","has-post-thumbnail","hentry","category-cotidiano"],"distributor_meta":false,"distributor_terms":false,"distributor_media":false,"distributor_original_site_name":"Noticias em Destaque","distributor_original_site_url":"https:\/\/noticiasdestaque.com.br","push-errors":false,"_links":{"self":[{"href":"https:\/\/noticiasdestaque.com.br\/index.php\/wp-json\/wp\/v2\/posts\/43174","targetHints":{"allow":["GET"]}}],"collection":[{"href":"https:\/\/noticiasdestaque.com.br\/index.php\/wp-json\/wp\/v2\/posts"}],"about":[{"href":"https:\/\/noticiasdestaque.com.br\/index.php\/wp-json\/wp\/v2\/types\/post"}],"author":[{"embeddable":true,"href":"https:\/\/noticiasdestaque.com.br\/index.php\/wp-json\/wp\/v2\/users\/1"}],"replies":[{"embeddable":true,"href":"https:\/\/noticiasdestaque.com.br\/index.php\/wp-json\/wp\/v2\/comments?post=43174"}],"version-history":[{"count":0,"href":"https:\/\/noticiasdestaque.com.br\/index.php\/wp-json\/wp\/v2\/posts\/43174\/revisions"}],"wp:featuredmedia":[{"embeddable":true,"href":"https:\/\/noticiasdestaque.com.br\/index.php\/wp-json\/wp\/v2\/media\/43175"}],"wp:attachment":[{"href":"https:\/\/noticiasdestaque.com.br\/index.php\/wp-json\/wp\/v2\/media?parent=43174"}],"wp:term":[{"taxonomy":"category","embeddable":true,"href":"https:\/\/noticiasdestaque.com.br\/index.php\/wp-json\/wp\/v2\/categories?post=43174"},{"taxonomy":"post_tag","embeddable":true,"href":"https:\/\/noticiasdestaque.com.br\/index.php\/wp-json\/wp\/v2\/tags?post=43174"}],"curies":[{"name":"wp","href":"https:\/\/api.w.org\/{rel}","templated":true}]}}