{"id":43172,"date":"2025-01-31T19:00:00","date_gmt":"2025-01-31T22:00:00","guid":{"rendered":"https:\/\/noticiasdestaque.com.br\/index.php\/2025\/01\/31\/previsao-do-tempo-sul-tera-chuvas-intensas-neste-sabado-1\/"},"modified":"2025-01-31T19:00:00","modified_gmt":"2025-01-31T22:00:00","slug":"previsao-do-tempo-sul-tera-chuvas-intensas-neste-sabado-1","status":"publish","type":"post","link":"https:\/\/noticiasdestaque.com.br\/index.php\/2025\/01\/31\/previsao-do-tempo-sul-tera-chuvas-intensas-neste-sabado-1\/","title":{"rendered":"PREVIS\u00c3O DO TEMPO: Sul ter\u00e1 chuvas intensas, neste s\u00e1bado (1)"},"content":{"rendered":"<p>\t\t\t\t\t\t\t\t\t\t<audio controls class=\"b61_audio_player\" data-noticia=\"79965\" src=\"https:\/\/brasil61.com\/rails\/active_storage\/blobs\/eyJfcmFpbHMiOnsibWVzc2FnZSI6IkJBaHBBd0F4QXc9PSIsImV4cCI6bnVsbCwicHVyIjoiYmxvYl9pZCJ9fQ==--41e2830567fa58467e34b086d88db8861d551365\/PTRS253842A\"><\/audio><\/p>\n<p>Neste s\u00e1bado (1), a regi\u00e3o Sul do pa\u00eds ter\u00e1\u00a0chuvas intensas em boa parte do territ\u00f3rio.<\/p>\n<p>Alerta cobre os tr\u00eas estados da regi\u00e3o, mas predomina no Paran\u00e1 e em Santa Catarina. Nas regi\u00f5es\u00a0Norte Pioneiro,\u00a0Norte Central,\u00a0Centro Oriental e\u00a0Noroeste Paranaense e\u00a0Norte Catarinense o aviso tem grau de severidade de perigo com chuva at\u00e9 100 mm. A previs\u00e3o vai at\u00e9 domingo.<\/p>\n<p>Para essas localidades h\u00e1 risco de corte de energia el\u00e9trica, queda de galhos de \u00e1rvores, alagamentos e de descargas el\u00e9tricas.<\/p>\n<p>J\u00e1 para as regi\u00f5es\u00a0Centro Ocidental\u00a0 e\u00a0Centro-Sul Paranaense, bem como para norte, sul e oeste catarinense, o aviso \u00e9 de perigo potencial com chuva at\u00e9 50 mm.<\/p>\n<p>Rio Grande do Sul ter\u00e1 a manh\u00e3 de s\u00e1bado variando entre poucas e muitas nuvens;\u00a0j\u00e1 \u00e0 tarde ter\u00e1 possibilidade de chuva no litoral.<\/p>\n<p>Entre as capitais, a temperatura m\u00ednima prevista \u00e9 de 19\u00b0C, em Curitiba. A m\u00e1xima pode chegar a 29\u00b0C, em Porto Alegre. A umidade relativa do ar varia entre 35% e 100%.<\/p>\n<p>As informa\u00e7\u00f5es s\u00e3o do Instituto Nacional de Meteorologia. \u00a0<\/p>\n<p>\u00a0<\/p>\n<p>\u00a0<\/p>\n<p>\u00a0<\/p>\n<p>\t\t\t\t\t\t\t\t\t<img loading=\"lazy\" decoding=\"async\" src=\"https:\/\/brasil61.com\/api\/v1\/serve_pixel\/17677\/79965\" alt=\"Pixel Brasil 61\" class=\"b61_pixel\" width=\"0\" height=\"0\"><\/p>\n<input type=\"hidden\" id=\"baseurl\" value=\"https:\/\/noticiasdestaque.com.br\"><input type=\"hidden\" id=\"audio_nonce\" value=\"6f73a554f1\">","protected":false},"excerpt":{"rendered":"<p>PR e SC ter\u00e3o fortes chuvas de at\u00e9 100 mm<\/p>\n","protected":false},"author":1,"featured_media":43173,"comment_status":"open","ping_status":"open","sticky":false,"template":"","format":"standard","meta":{"fifu_image_url":"","fifu_image_alt":"","footnotes":""},"categories":[58],"tags":[],"class_list":["post-43172","post","type-post","status-publish","format-standard","has-post-thumbnail","hentry","category-cotidiano"],"distributor_meta":false,"distributor_terms":false,"distributor_media":false,"distributor_original_site_name":"Noticias em Destaque","distributor_original_site_url":"https:\/\/noticiasdestaque.com.br","push-errors":false,"_links":{"self":[{"href":"https:\/\/noticiasdestaque.com.br\/index.php\/wp-json\/wp\/v2\/posts\/43172","targetHints":{"allow":["GET"]}}],"collection":[{"href":"https:\/\/noticiasdestaque.com.br\/index.php\/wp-json\/wp\/v2\/posts"}],"about":[{"href":"https:\/\/noticiasdestaque.com.br\/index.php\/wp-json\/wp\/v2\/types\/post"}],"author":[{"embeddable":true,"href":"https:\/\/noticiasdestaque.com.br\/index.php\/wp-json\/wp\/v2\/users\/1"}],"replies":[{"embeddable":true,"href":"https:\/\/noticiasdestaque.com.br\/index.php\/wp-json\/wp\/v2\/comments?post=43172"}],"version-history":[{"count":0,"href":"https:\/\/noticiasdestaque.com.br\/index.php\/wp-json\/wp\/v2\/posts\/43172\/revisions"}],"wp:featuredmedia":[{"embeddable":true,"href":"https:\/\/noticiasdestaque.com.br\/index.php\/wp-json\/wp\/v2\/media\/43173"}],"wp:attachment":[{"href":"https:\/\/noticiasdestaque.com.br\/index.php\/wp-json\/wp\/v2\/media?parent=43172"}],"wp:term":[{"taxonomy":"category","embeddable":true,"href":"https:\/\/noticiasdestaque.com.br\/index.php\/wp-json\/wp\/v2\/categories?post=43172"},{"taxonomy":"post_tag","embeddable":true,"href":"https:\/\/noticiasdestaque.com.br\/index.php\/wp-json\/wp\/v2\/tags?post=43172"}],"curies":[{"name":"wp","href":"https:\/\/api.w.org\/{rel}","templated":true}]}}