{"id":43150,"date":"2025-04-15T00:02:00","date_gmt":"2025-04-15T03:02:00","guid":{"rendered":"https:\/\/noticiasdestaque.com.br\/index.php\/2025\/04\/15\/imposto-de-renda-confira-valores-atualizados-da-tabela-progressiva\/"},"modified":"2025-04-15T00:02:00","modified_gmt":"2025-04-15T03:02:00","slug":"imposto-de-renda-confira-valores-atualizados-da-tabela-progressiva","status":"publish","type":"post","link":"https:\/\/noticiasdestaque.com.br\/index.php\/2025\/04\/15\/imposto-de-renda-confira-valores-atualizados-da-tabela-progressiva\/","title":{"rendered":"Imposto de Renda: confira valores atualizados da tabela progressiva"},"content":{"rendered":"<p>\t\t\t\t\t\t\t\t\t\t<audio controls class=\"b61_audio_player\" data-noticia=\"81392\" src=\"https:\/\/brasil61.com\/rails\/active_storage\/blobs\/eyJfcmFpbHMiOnsibWVzc2FnZSI6IkJBaHBBOFZIQXc9PSIsImV4cCI6bnVsbCwicHVyIjoiYmxvYl9pZCJ9fQ==--44fc1af9cc5fc794db7bf6167a5aa99e56cf3648\/BRAS2513805A\"><\/audio><\/p>\n<p>Com a publica\u00e7\u00e3o da Medida Provis\u00f3ria 1.294\/2025, que atualiza os valores da tabela progressiva mensal do Imposto sobre a Renda da Pessoa F\u00edsica (IRPF), as novas faixas come\u00e7am a valer a partir de maio deste ano.\u00a0<\/p>\n<p>A MP, que foi assinada pelo presidente da Rep\u00fablica, Luiz In\u00e1cio Lula da Silva, aumenta a faixa de isen\u00e7\u00e3o do Imposto de Renda para os contribuintes com rendimentos mensais de at\u00e9 R$ 3.036. O valor corresponde a dois sal\u00e1rios m\u00ednimos, j\u00e1 considerando o novo valor, de R$ 1.518.\u00a0<\/p>\n<p><a href=\"https:\/\/brasil61.com\/n\/orcamento-2025-confira-principais-pontos-da-proposta-sancionada-bras2513792\" target=\"_blank\">Or\u00e7amento 2025: confira principais pontos da proposta sancionada<\/a><\/p>\n<p>Para os brasileiros que ganham acima de R$ 3.036, a tributa\u00e7\u00e3o come\u00e7a a incidir em faixas \u2013 que chegam a um imposto de 27,5% sobre a renda mensal que ultrapassar os R$ 4.664,68.<\/p>\n<p>De acordo com o governo federal, o objetivo da corre\u00e7\u00e3o da tabela \u00e9 manter a pol\u00edtica de isen\u00e7\u00e3o do Imposto de Renda para trabalhadores que recebem at\u00e9 dois sal\u00e1rios m\u00ednimos, praticada desde 2024.<\/p>\n<p><img decoding=\"async\" style=\"width:100%\" alt=\"\" src=\"https:\/\/noticiasdestaque.com.br\/wp-content\/uploads\/2025\/04\/ImpostodeRendaconfiravaloresatualizadosdatabelaprogressiva_0234160001744714913.png\" \/><\/p>\n<p>Fonte: Senado Federal<\/p>\n<h2>Isen\u00e7\u00e3o at\u00e9 R$ 5 mil<\/h2>\n<p>Em mar\u00e7o deste ano, o governo enviou ao Congresso Nacional projeto de lei 1.087\/2025 para isentar do Imposto de Renda aqueles que ganham at\u00e9 R$ 5 mil.\u00a0<\/p>\n<p>Essa medida seria compensada com eleva\u00e7\u00e3o do valor pago por quem ganha mais de R$ 600 mil por ano. De acordo com o Minist\u00e9rio da Fazenda, esse grupo corresponde a 0,13% dos contribuintes. Atualmente, a proposta est\u00e1 em tramita\u00e7\u00e3o na C\u00e2mara dos Deputados. \u00a0<br \/>\n\u00a0<\/p>\n<p>\t\t\t\t\t\t\t\t\t<img loading=\"lazy\" decoding=\"async\" src=\"https:\/\/brasil61.com\/api\/v1\/serve_pixel\/17677\/81392\" alt=\"Pixel Brasil 61\" class=\"b61_pixel\" width=\"0\" height=\"0\"><\/p>\n<input type=\"hidden\" id=\"baseurl\" value=\"https:\/\/noticiasdestaque.com.br\"><input type=\"hidden\" id=\"audio_nonce\" value=\"c9f06e19e6\">","protected":false},"excerpt":{"rendered":"<p>Medida Provis\u00f3ria aumenta a faixa de isen\u00e7\u00e3o do Imposto de Renda para os contribuintes com rendimentos mensais de at\u00e9 R$ 3.036<\/p>\n","protected":false},"author":1,"featured_media":43151,"comment_status":"open","ping_status":"open","sticky":false,"template":"","format":"standard","meta":{"fifu_image_url":"","fifu_image_alt":"","footnotes":""},"categories":[59],"tags":[],"class_list":["post-43150","post","type-post","status-publish","format-standard","has-post-thumbnail","hentry","category-economia"],"distributor_meta":false,"distributor_terms":false,"distributor_media":false,"distributor_original_site_name":"Noticias em Destaque","distributor_original_site_url":"https:\/\/noticiasdestaque.com.br","push-errors":false,"_links":{"self":[{"href":"https:\/\/noticiasdestaque.com.br\/index.php\/wp-json\/wp\/v2\/posts\/43150","targetHints":{"allow":["GET"]}}],"collection":[{"href":"https:\/\/noticiasdestaque.com.br\/index.php\/wp-json\/wp\/v2\/posts"}],"about":[{"href":"https:\/\/noticiasdestaque.com.br\/index.php\/wp-json\/wp\/v2\/types\/post"}],"author":[{"embeddable":true,"href":"https:\/\/noticiasdestaque.com.br\/index.php\/wp-json\/wp\/v2\/users\/1"}],"replies":[{"embeddable":true,"href":"https:\/\/noticiasdestaque.com.br\/index.php\/wp-json\/wp\/v2\/comments?post=43150"}],"version-history":[{"count":0,"href":"https:\/\/noticiasdestaque.com.br\/index.php\/wp-json\/wp\/v2\/posts\/43150\/revisions"}],"wp:featuredmedia":[{"embeddable":true,"href":"https:\/\/noticiasdestaque.com.br\/index.php\/wp-json\/wp\/v2\/media\/43151"}],"wp:attachment":[{"href":"https:\/\/noticiasdestaque.com.br\/index.php\/wp-json\/wp\/v2\/media?parent=43150"}],"wp:term":[{"taxonomy":"category","embeddable":true,"href":"https:\/\/noticiasdestaque.com.br\/index.php\/wp-json\/wp\/v2\/categories?post=43150"},{"taxonomy":"post_tag","embeddable":true,"href":"https:\/\/noticiasdestaque.com.br\/index.php\/wp-json\/wp\/v2\/tags?post=43150"}],"curies":[{"name":"wp","href":"https:\/\/api.w.org\/{rel}","templated":true}]}}