{"id":43139,"date":"2025-04-11T20:00:00","date_gmt":"2025-04-11T23:00:00","guid":{"rendered":"https:\/\/noticiasdestaque.com.br\/index.php\/2025\/04\/11\/orcamento-2025-confira-principais-pontos-da-proposta-sancionada\/"},"modified":"2025-04-11T20:00:00","modified_gmt":"2025-04-11T23:00:00","slug":"orcamento-2025-confira-principais-pontos-da-proposta-sancionada","status":"publish","type":"post","link":"https:\/\/noticiasdestaque.com.br\/index.php\/2025\/04\/11\/orcamento-2025-confira-principais-pontos-da-proposta-sancionada\/","title":{"rendered":"Or\u00e7amento 2025: confira principais pontos da proposta sancionada"},"content":{"rendered":"<p>\t\t\t\t\t\t\t\t\t\t<audio controls class=\"b61_audio_player\" data-noticia=\"81356\" src=\"https:\/\/brasil61.com\/rails\/active_storage\/blobs\/eyJfcmFpbHMiOnsibWVzc2FnZSI6IkJBaHBBeXRIQXc9PSIsImV4cCI6bnVsbCwicHVyIjoiYmxvYl9pZCJ9fQ==--64e050d211443dc6c2e722de40029dd6fcf8ede8\/BRAS2513792A\"><\/audio><\/p>\n<p>O Or\u00e7amento de 2025, sancionado pelo presidente Luiz In\u00e1cio Lula da Silva no \u00faltimo dia 10 de abril, prev\u00ea <strong>cortes de R$ 7,8 bilh\u00f5es em despesas de controle direto do Executivo em rela\u00e7\u00e3o \u00e0 proposta enviada pelo governo ao Congresso Naciona<\/strong>l. Desse valor, <strong>R$ 4,3 bilh\u00f5es dizem respeito aos minist\u00e9rios e R$ 3,5 bilh\u00f5es ao Programa de Acelera\u00e7\u00e3o do Crescimento (PAC)<\/strong>.\u00a0<\/p>\n<p>A proposta havia sido aprovada pelos congressistas com tr\u00eas meses de atraso. O projeto apresenta uma estimativa de <strong>super\u00e1vit de R$ 14,5 bilh\u00f5es nas contas p\u00fablicas<\/strong>. Em meio aos debates, esse n\u00famero chegou a ser questionado por especialistas or\u00e7ament\u00e1rios, que alegavam previs\u00f5es de receitas elevadas demais, assim como despesas subestimadas. \u00a0<\/p>\n<p>As<strong> emendas parlamentares chegaram a somar R$ 50,4 bilh\u00f5es na LOA 2025<\/strong>. Trata-se de um valor recorde, definido ap\u00f3s manobra do Congresso Nacional para driblar decis\u00f5es do Supremo Tribunal Federal, que bloquearam os recursos em 2024.\u00a0<\/p>\n<p><a href=\"https:\/\/brasil61.com\/n\/fnde-numero-de-obras-aprovadas-na-area-da-educacao-chega-a-1-9-mil-bras2513779\" target=\"_blank\">FNDE: n\u00famero de obras aprovadas na \u00e1rea da educa\u00e7\u00e3o chega a 1,9 mil<\/a><\/p>\n<p><img decoding=\"async\" style=\"width:100%\" alt=\"\" src=\"https:\/\/noticiasdestaque.com.br\/wp-content\/uploads\/2025\/04\/Oramento2025confiraprincipaispontosdapropostasancionada_0939645001744711362.jpeg\" \/><\/p>\n<p><span style=\"font-size:10px\">Fonte: Ag\u00eancia Senado<\/span><\/p>\n<p>Ainda de acordo com o texto sancionado, para o<strong> Bolsa Fam\u00edlia, por exemplo, foram reservados R$ 158,6 bilh\u00f5es. Com isso, foi registrado um corte de R$ 7,7 bilh\u00f5es no programa<\/strong>. J\u00e1 em rela\u00e7\u00e3o ao<strong> Benef\u00edcio de Presta\u00e7\u00e3o Continuada (BPC), o valor ser\u00e1 de R$ 113,6 bilh\u00f5es<\/strong>.\u00a0<\/p>\n<p>Vale destacar que a medida tamb\u00e9m conta com um<strong> acr\u00e9scimo de R$ 9,3 bilh\u00f5es em gastos sociais obrigat\u00f3rios<\/strong>, como Benef\u00edcios Previdenci\u00e1rios, Abono Salarial, Seguro Desemprego e Benef\u00edcios de Presta\u00e7\u00e3o Continuada.<\/p>\n<h2>Sal\u00e1rio m\u00ednimo<\/h2>\n<p>Al\u00e9m disso, de acordo com a LOA, o <strong>sal\u00e1rio m\u00ednimo em 2025 ser\u00e1 de R$ 1.518<\/strong>. Nesse caso, houve um aumento real, acima da infla\u00e7\u00e3o, de 2,5%, em rela\u00e7\u00e3o ao valor do ano passado. Tamb\u00e9m<strong> est\u00e3o previstos R$ 226,4 bilh\u00f5es para a educa\u00e7\u00e3o e R$ 245,1 bilh\u00f5es na sa\u00fade p\u00fablica<\/strong>.<\/p>\n<h2>Vetos<\/h2>\n<p>Lula tamb\u00e9m imp\u00f4s dois vetos ao Or\u00e7amento deste ano. Um deles se refere a um valor de R$ 40,2 milh\u00f5es, que recaiu sobre novas programa\u00e7\u00f5es or\u00e7ament\u00e1rias que apresentavam localiza\u00e7\u00f5es espec\u00edficas, inclu\u00eddas por meio de emendas de modifica\u00e7\u00e3o em despesas prim\u00e1rias discricion\u00e1rias do Poder Executivo.\u00a0<\/p>\n<p>Al\u00e9m disso, foi vetado uma quantia de R$ 2,97 bilh\u00f5es em despesas financeiras do Fundo Nacional de Desenvolvimento Cient\u00edfico e Tecnol\u00f3gico (FNDCT), que seriam destinadas a financiamentos com retorno, em raz\u00e3o da inobserv\u00e2ncia ao limite m\u00e1ximo para opera\u00e7\u00f5es reembols\u00e1veis do fundo (Lei 11.540\/07), situa\u00e7\u00e3o decorrente de altera\u00e7\u00f5es promovidas durante a tramita\u00e7\u00e3o do Or\u00e7amento no Congresso.<br \/>\n\u00a0<\/p>\n<p>\t\t\t\t\t\t\t\t\t<img loading=\"lazy\" decoding=\"async\" src=\"https:\/\/brasil61.com\/api\/v1\/serve_pixel\/17677\/81356\" alt=\"Pixel Brasil 61\" class=\"b61_pixel\" width=\"0\" height=\"0\"><\/p>\n<input type=\"hidden\" id=\"baseurl\" value=\"https:\/\/noticiasdestaque.com.br\"><input type=\"hidden\" id=\"audio_nonce\" value=\"6f73a554f1\">","protected":false},"excerpt":{"rendered":"<p>De acordo com o texto sancionado, para o Bolsa Fam\u00edlia foram reservados R$ 158,6 bilh\u00f5es. Com isso, foi registrado um corte de R$ 7,7 bilh\u00f5es no programa<\/p>\n","protected":false},"author":1,"featured_media":43140,"comment_status":"open","ping_status":"open","sticky":false,"template":"","format":"standard","meta":{"fifu_image_url":"","fifu_image_alt":"","footnotes":""},"categories":[59],"tags":[],"class_list":["post-43139","post","type-post","status-publish","format-standard","has-post-thumbnail","hentry","category-economia"],"distributor_meta":false,"distributor_terms":false,"distributor_media":false,"distributor_original_site_name":"Noticias em Destaque","distributor_original_site_url":"https:\/\/noticiasdestaque.com.br","push-errors":false,"_links":{"self":[{"href":"https:\/\/noticiasdestaque.com.br\/index.php\/wp-json\/wp\/v2\/posts\/43139","targetHints":{"allow":["GET"]}}],"collection":[{"href":"https:\/\/noticiasdestaque.com.br\/index.php\/wp-json\/wp\/v2\/posts"}],"about":[{"href":"https:\/\/noticiasdestaque.com.br\/index.php\/wp-json\/wp\/v2\/types\/post"}],"author":[{"embeddable":true,"href":"https:\/\/noticiasdestaque.com.br\/index.php\/wp-json\/wp\/v2\/users\/1"}],"replies":[{"embeddable":true,"href":"https:\/\/noticiasdestaque.com.br\/index.php\/wp-json\/wp\/v2\/comments?post=43139"}],"version-history":[{"count":0,"href":"https:\/\/noticiasdestaque.com.br\/index.php\/wp-json\/wp\/v2\/posts\/43139\/revisions"}],"wp:featuredmedia":[{"embeddable":true,"href":"https:\/\/noticiasdestaque.com.br\/index.php\/wp-json\/wp\/v2\/media\/43140"}],"wp:attachment":[{"href":"https:\/\/noticiasdestaque.com.br\/index.php\/wp-json\/wp\/v2\/media?parent=43139"}],"wp:term":[{"taxonomy":"category","embeddable":true,"href":"https:\/\/noticiasdestaque.com.br\/index.php\/wp-json\/wp\/v2\/categories?post=43139"},{"taxonomy":"post_tag","embeddable":true,"href":"https:\/\/noticiasdestaque.com.br\/index.php\/wp-json\/wp\/v2\/tags?post=43139"}],"curies":[{"name":"wp","href":"https:\/\/api.w.org\/{rel}","templated":true}]}}