{"id":43128,"date":"2025-02-28T18:00:00","date_gmt":"2025-02-28T21:00:00","guid":{"rendered":"https:\/\/noticiasdestaque.com.br\/index.php\/2025\/02\/28\/previsao-do-tempo-sudeste-tera-ceu-com-poucas-nuvens-neste-sabado-1\/"},"modified":"2025-02-28T18:00:00","modified_gmt":"2025-02-28T21:00:00","slug":"previsao-do-tempo-sudeste-tera-ceu-com-poucas-nuvens-neste-sabado-1","status":"publish","type":"post","link":"https:\/\/noticiasdestaque.com.br\/index.php\/2025\/02\/28\/previsao-do-tempo-sudeste-tera-ceu-com-poucas-nuvens-neste-sabado-1\/","title":{"rendered":"PREVIS\u00c3O DO TEMPO: Sudeste ter\u00e1 c\u00e9u com poucas nuvens, neste s\u00e1bado (1\u00b0)"},"content":{"rendered":"<p>\t\t\t\t\t\t\t\t\t\t<audio controls class=\"b61_audio_player\" data-noticia=\"80562\" src=\"https:\/\/brasil61.com\/rails\/active_storage\/blobs\/eyJfcmFpbHMiOnsibWVzc2FnZSI6IkJBaHBBeDg1QXc9PSIsImV4cCI6bnVsbCwicHVyIjoiYmxvYl9pZCJ9fQ==--5f603dc118369766785d22326069f1b07fdb2f16\/PTSD253988A\"><\/audio><\/p>\n<p>A regi\u00e3o Sudeste do pa\u00eds ter\u00e1 c\u00e9u com poucas\u00a0nuvens em grande parte do territ\u00f3rio, neste s\u00e1bado (1\u00b0). A condi\u00e7\u00e3o ser\u00e1 notada em todo o estado de Minas Gerais e nas regi\u00f5es\u00a0norte do RJ e Sul do ES, bem como na central de SP.<\/p>\n<p>Muitas nuvens com possibilidade de chuva isolada para litoral paulista, sul fluminense e norte capixaba.<\/p>\n<p>Para SP h\u00e1 ainda alerta de onda de calor com risco \u00e0 sa\u00fade, que deve afetar os munic\u00edpios de Presidente Prudente, S\u00e3o Jos\u00e9 do Rio Preto, Mar\u00edlia e Assis, at\u00e9 o final do feriado.<\/p>\n<p>Entre as capitais, a temperatura m\u00ednima prevista\u00a0\u00e9 de 16\u00b0C, em Belo Horizonte e\u00a0S\u00e3o Paulo. J\u00e1 a m\u00e1xima pode chegar a 37\u00b0C, no Rio de Janeiro.<\/p>\n<p>As informa\u00e7\u00f5es s\u00e3o do Instituto Nacional de Meteorologia. \u00a0<\/p>\n<p>Bianca Mingote, o tempo e a temperatura.<br \/>\n\u00a0<\/p>\n<p>\u00a0<\/p>\n<p>\u00a0<\/p>\n<p>\t\t\t\t\t\t\t\t\t<img loading=\"lazy\" decoding=\"async\" src=\"https:\/\/brasil61.com\/api\/v1\/serve_pixel\/17677\/80562\" alt=\"Pixel Brasil 61\" class=\"b61_pixel\" width=\"0\" height=\"0\"><\/p>\n<input type=\"hidden\" id=\"baseurl\" value=\"https:\/\/noticiasdestaque.com.br\"><input type=\"hidden\" id=\"audio_nonce\" value=\"581f3017e1\">","protected":false},"excerpt":{"rendered":"<p>Possibilidade de chuva para regi\u00f5es de SP, RJ e ES<\/p>\n","protected":false},"author":1,"featured_media":43129,"comment_status":"open","ping_status":"open","sticky":false,"template":"","format":"standard","meta":{"fifu_image_url":"","fifu_image_alt":"","footnotes":""},"categories":[58],"tags":[],"class_list":["post-43128","post","type-post","status-publish","format-standard","has-post-thumbnail","hentry","category-cotidiano"],"distributor_meta":false,"distributor_terms":false,"distributor_media":false,"distributor_original_site_name":"Noticias em Destaque","distributor_original_site_url":"https:\/\/noticiasdestaque.com.br","push-errors":false,"_links":{"self":[{"href":"https:\/\/noticiasdestaque.com.br\/index.php\/wp-json\/wp\/v2\/posts\/43128","targetHints":{"allow":["GET"]}}],"collection":[{"href":"https:\/\/noticiasdestaque.com.br\/index.php\/wp-json\/wp\/v2\/posts"}],"about":[{"href":"https:\/\/noticiasdestaque.com.br\/index.php\/wp-json\/wp\/v2\/types\/post"}],"author":[{"embeddable":true,"href":"https:\/\/noticiasdestaque.com.br\/index.php\/wp-json\/wp\/v2\/users\/1"}],"replies":[{"embeddable":true,"href":"https:\/\/noticiasdestaque.com.br\/index.php\/wp-json\/wp\/v2\/comments?post=43128"}],"version-history":[{"count":0,"href":"https:\/\/noticiasdestaque.com.br\/index.php\/wp-json\/wp\/v2\/posts\/43128\/revisions"}],"wp:featuredmedia":[{"embeddable":true,"href":"https:\/\/noticiasdestaque.com.br\/index.php\/wp-json\/wp\/v2\/media\/43129"}],"wp:attachment":[{"href":"https:\/\/noticiasdestaque.com.br\/index.php\/wp-json\/wp\/v2\/media?parent=43128"}],"wp:term":[{"taxonomy":"category","embeddable":true,"href":"https:\/\/noticiasdestaque.com.br\/index.php\/wp-json\/wp\/v2\/categories?post=43128"},{"taxonomy":"post_tag","embeddable":true,"href":"https:\/\/noticiasdestaque.com.br\/index.php\/wp-json\/wp\/v2\/tags?post=43128"}],"curies":[{"name":"wp","href":"https:\/\/api.w.org\/{rel}","templated":true}]}}