{"id":43126,"date":"2025-02-12T18:00:00","date_gmt":"2025-02-12T21:00:00","guid":{"rendered":"https:\/\/noticiasdestaque.com.br\/index.php\/2025\/02\/12\/previsao-do-tempo-sul-do-brasil-tera-quinta-feira-13-de-chuva-em-toda-a-regiao\/"},"modified":"2025-02-12T18:00:00","modified_gmt":"2025-02-12T21:00:00","slug":"previsao-do-tempo-sul-do-brasil-tera-quinta-feira-13-de-chuva-em-toda-a-regiao","status":"publish","type":"post","link":"https:\/\/noticiasdestaque.com.br\/index.php\/2025\/02\/12\/previsao-do-tempo-sul-do-brasil-tera-quinta-feira-13-de-chuva-em-toda-a-regiao\/","title":{"rendered":"PREVIS\u00c3O DO TEMPO: Sul do Brasil ter\u00e1 quinta-feira (13) de chuva em toda a regi\u00e3o"},"content":{"rendered":"<p>\t\t\t\t\t\t\t\t\t\t<audio controls class=\"b61_audio_player\" data-noticia=\"80208\" src=\"https:\/\/brasil61.com\/rails\/active_storage\/blobs\/eyJfcmFpbHMiOnsibWVzc2FnZSI6IkJBaHBBKzB6QXc9PSIsImV4cCI6bnVsbCwicHVyIjoiYmxvYl9pZCJ9fQ==--c4eb013c0b77e67110fd2a6454bdfc283620660a\/PTRS253853A\"><\/audio><\/p>\n<p>A previs\u00e3o do tempo para o Sul do Brasil indica que, em toda a regi\u00e3o, a quinta-feira (13) ser\u00e1 de chuva. No Rio Grande do Sul, a previs\u00e3o \u00e9 de muitas nuvens, pancadas de chuva e trovoadas isoladas no noroeste e no nordeste ga\u00fachos, em cidades como Alegria e Caseiros. Para as demais \u00e1reas, s\u00e3o esperadas pancadas de chuva isoladas.\u00a0<\/p>\n<p>Em Santa Catarina, o dia ser\u00e1 de muitas nuvens, pancadas de chuva e trovoadas isoladas em toda a unidade da federa\u00e7\u00e3o. A condi\u00e7\u00e3o ser\u00e1 notada, por exemplo, em munic\u00edpios na \u00e1rea do planalto, como Mirim Doce e Papanduva.\u00a0<\/p>\n<p>No Paran\u00e1, a situa\u00e7\u00e3o \u00e9 semelhante. As pancadas de chuva e trovoadas isoladas s\u00e3o esperadas no noroeste do estado, assim como no centro oriental e no sudeste paranaense, em cidades como Boa Esperan\u00e7a e Guarapuava.\u00a0<\/p>\n<p>Entre as capitais, a temperatura m\u00ednima deve chegar a 20\u00b0C, em Curitiba. J\u00e1 a m\u00e1xima prevista \u00e9 de 29\u00b0C, em Florian\u00f3polis. A umidade relativa do ar varia entre 30% e 95%.\u00a0<\/p>\n<p>As informa\u00e7\u00f5es s\u00e3o Instituto Nacional de Meteorologia (INMET).\u00a0<br \/>\n\u00a0<\/p>\n<p>\t\t\t\t\t\t\t\t\t<img loading=\"lazy\" decoding=\"async\" src=\"https:\/\/brasil61.com\/api\/v1\/serve_pixel\/17677\/80208\" alt=\"Pixel Brasil 61\" class=\"b61_pixel\" width=\"0\" height=\"0\"><\/p>\n<input type=\"hidden\" id=\"baseurl\" value=\"https:\/\/noticiasdestaque.com.br\"><input type=\"hidden\" id=\"audio_nonce\" value=\"c9f06e19e6\">","protected":false},"excerpt":{"rendered":"<p>Em Santa Catarina, o dia ser\u00e1 de muitas nuvens pancadas de chuva e trovoadas isoladas em toda a unidade da federa\u00e7\u00e3o<\/p>\n","protected":false},"author":1,"featured_media":43127,"comment_status":"open","ping_status":"open","sticky":false,"template":"","format":"standard","meta":{"fifu_image_url":"","fifu_image_alt":"","footnotes":""},"categories":[58],"tags":[],"class_list":["post-43126","post","type-post","status-publish","format-standard","has-post-thumbnail","hentry","category-cotidiano"],"distributor_meta":false,"distributor_terms":false,"distributor_media":false,"distributor_original_site_name":"Noticias em Destaque","distributor_original_site_url":"https:\/\/noticiasdestaque.com.br","push-errors":false,"_links":{"self":[{"href":"https:\/\/noticiasdestaque.com.br\/index.php\/wp-json\/wp\/v2\/posts\/43126","targetHints":{"allow":["GET"]}}],"collection":[{"href":"https:\/\/noticiasdestaque.com.br\/index.php\/wp-json\/wp\/v2\/posts"}],"about":[{"href":"https:\/\/noticiasdestaque.com.br\/index.php\/wp-json\/wp\/v2\/types\/post"}],"author":[{"embeddable":true,"href":"https:\/\/noticiasdestaque.com.br\/index.php\/wp-json\/wp\/v2\/users\/1"}],"replies":[{"embeddable":true,"href":"https:\/\/noticiasdestaque.com.br\/index.php\/wp-json\/wp\/v2\/comments?post=43126"}],"version-history":[{"count":0,"href":"https:\/\/noticiasdestaque.com.br\/index.php\/wp-json\/wp\/v2\/posts\/43126\/revisions"}],"wp:featuredmedia":[{"embeddable":true,"href":"https:\/\/noticiasdestaque.com.br\/index.php\/wp-json\/wp\/v2\/media\/43127"}],"wp:attachment":[{"href":"https:\/\/noticiasdestaque.com.br\/index.php\/wp-json\/wp\/v2\/media?parent=43126"}],"wp:term":[{"taxonomy":"category","embeddable":true,"href":"https:\/\/noticiasdestaque.com.br\/index.php\/wp-json\/wp\/v2\/categories?post=43126"},{"taxonomy":"post_tag","embeddable":true,"href":"https:\/\/noticiasdestaque.com.br\/index.php\/wp-json\/wp\/v2\/tags?post=43126"}],"curies":[{"name":"wp","href":"https:\/\/api.w.org\/{rel}","templated":true}]}}