{"id":43114,"date":"2025-02-28T18:00:00","date_gmt":"2025-02-28T21:00:00","guid":{"rendered":"https:\/\/noticiasdestaque.com.br\/index.php\/2025\/02\/28\/previsao-do-tempo-centro-oeste-sera-chuvoso-neste-sabado-1\/"},"modified":"2025-02-28T18:00:00","modified_gmt":"2025-02-28T21:00:00","slug":"previsao-do-tempo-centro-oeste-sera-chuvoso-neste-sabado-1","status":"publish","type":"post","link":"https:\/\/noticiasdestaque.com.br\/index.php\/2025\/02\/28\/previsao-do-tempo-centro-oeste-sera-chuvoso-neste-sabado-1\/","title":{"rendered":"PREVIS\u00c3O DO TEMPO: Centro-Oeste ser\u00e1 chuvoso, neste s\u00e1bado (1\u00b0)"},"content":{"rendered":"<p>\t\t\t\t\t\t\t\t\t\t<audio controls class=\"b61_audio_player\" data-noticia=\"80565\" src=\"https:\/\/brasil61.com\/rails\/active_storage\/blobs\/eyJfcmFpbHMiOnsibWVzc2FnZSI6IkJBaHBBeDQ1QXc9PSIsImV4cCI6bnVsbCwicHVyIjoiYmxvYl9pZCJ9fQ==--e1886b946c23496bf1cf001402e1319a2e48c1fb\/PTCO254003A\"><\/audio><\/p>\n<p>A regi\u00e3o Centro-Oeste ser\u00e1 chuvosa, neste s\u00e1bado (1\u00b0). H\u00e1 aviso de chuvas intensas para todos os estados, exceto o Distrito Federal, que deve ter c\u00e9u com poucas nuvens, previs\u00e3o semelhante para o leste de Goi\u00e1s.<\/p>\n<p>Chuvas intensas de perigo potencial de at\u00e9 50 mm cobrem Norte, Sul, Centro e\u00a0Noroeste Goiano. O alerta tamb\u00e9m vale para MT e MS.\u00a0<\/p>\n<p>J\u00e1 para as regi\u00f5es Norte, Nordeste e\u00a0Sudoeste Mato-grossense, o aviso \u00e9 de perigo, com chuva de at\u00e9 100 mm pela manh\u00e3. Nessas \u00e1reas, h\u00e1 risco de\u00a0corte de energia el\u00e9trica, queda de galhos de \u00e1rvores, alagamentos e de descargas el\u00e9tricas.<\/p>\n<p>Para Leste e\u00a0Sudoeste de Mato Grosso do Sul, alerta de onda de calor com risco \u00e0 sa\u00fade, que deve durar at\u00e9 o fim do feriado.<\/p>\n<p>Entre as capitais, a temperatura m\u00ednima prevista \u00e9 de 18\u00b0C, em Bras\u00edlia. J\u00e1 a m\u00e1xima pode chegar a 33\u00b0C, em Cuiab\u00e1 e Campo Grande. A umidade relativa do ar varia entre 35% e 100%.<\/p>\n<p>As informa\u00e7\u00f5es s\u00e3o do Instituto Nacional de Meteorologia. \u00a0<\/p>\n<p>\u00a0<\/p>\n<p>\t\t\t\t\t\t\t\t\t<img loading=\"lazy\" decoding=\"async\" src=\"https:\/\/brasil61.com\/api\/v1\/serve_pixel\/17677\/80565\" alt=\"Pixel Brasil 61\" class=\"b61_pixel\" width=\"0\" height=\"0\"><\/p>\n<input type=\"hidden\" id=\"baseurl\" value=\"https:\/\/noticiasdestaque.com.br\"><input type=\"hidden\" id=\"audio_nonce\" value=\"581f3017e1\">","protected":false},"excerpt":{"rendered":"<p>Alerta de chuvas intensas s\u00f3 n\u00e3o cobre o DF<\/p>\n","protected":false},"author":1,"featured_media":43115,"comment_status":"open","ping_status":"open","sticky":false,"template":"","format":"standard","meta":{"fifu_image_url":"","fifu_image_alt":"","footnotes":""},"categories":[58],"tags":[],"class_list":["post-43114","post","type-post","status-publish","format-standard","has-post-thumbnail","hentry","category-cotidiano"],"distributor_meta":false,"distributor_terms":false,"distributor_media":false,"distributor_original_site_name":"Noticias em Destaque","distributor_original_site_url":"https:\/\/noticiasdestaque.com.br","push-errors":false,"_links":{"self":[{"href":"https:\/\/noticiasdestaque.com.br\/index.php\/wp-json\/wp\/v2\/posts\/43114","targetHints":{"allow":["GET"]}}],"collection":[{"href":"https:\/\/noticiasdestaque.com.br\/index.php\/wp-json\/wp\/v2\/posts"}],"about":[{"href":"https:\/\/noticiasdestaque.com.br\/index.php\/wp-json\/wp\/v2\/types\/post"}],"author":[{"embeddable":true,"href":"https:\/\/noticiasdestaque.com.br\/index.php\/wp-json\/wp\/v2\/users\/1"}],"replies":[{"embeddable":true,"href":"https:\/\/noticiasdestaque.com.br\/index.php\/wp-json\/wp\/v2\/comments?post=43114"}],"version-history":[{"count":0,"href":"https:\/\/noticiasdestaque.com.br\/index.php\/wp-json\/wp\/v2\/posts\/43114\/revisions"}],"wp:featuredmedia":[{"embeddable":true,"href":"https:\/\/noticiasdestaque.com.br\/index.php\/wp-json\/wp\/v2\/media\/43115"}],"wp:attachment":[{"href":"https:\/\/noticiasdestaque.com.br\/index.php\/wp-json\/wp\/v2\/media?parent=43114"}],"wp:term":[{"taxonomy":"category","embeddable":true,"href":"https:\/\/noticiasdestaque.com.br\/index.php\/wp-json\/wp\/v2\/categories?post=43114"},{"taxonomy":"post_tag","embeddable":true,"href":"https:\/\/noticiasdestaque.com.br\/index.php\/wp-json\/wp\/v2\/tags?post=43114"}],"curies":[{"name":"wp","href":"https:\/\/api.w.org\/{rel}","templated":true}]}}