{"id":43096,"date":"2025-01-30T19:00:00","date_gmt":"2025-01-30T22:00:00","guid":{"rendered":"https:\/\/noticiasdestaque.com.br\/index.php\/2025\/01\/30\/previsao-do-tempo-sexta-feira-31-com-pancadas-de-chuva-no-amapa-e-tocantins\/"},"modified":"2025-01-30T19:00:00","modified_gmt":"2025-01-30T22:00:00","slug":"previsao-do-tempo-sexta-feira-31-com-pancadas-de-chuva-no-amapa-e-tocantins","status":"publish","type":"post","link":"https:\/\/noticiasdestaque.com.br\/index.php\/2025\/01\/30\/previsao-do-tempo-sexta-feira-31-com-pancadas-de-chuva-no-amapa-e-tocantins\/","title":{"rendered":"PREVIS\u00c3O DO TEMPO: sexta-feira (31) com pancadas de chuva no Amap\u00e1 e Tocantins"},"content":{"rendered":"<p>\t\t\t\t\t\t\t\t\t\t<audio controls class=\"b61_audio_player\" data-noticia=\"79942\" src=\"https:\/\/brasil61.com\/rails\/active_storage\/blobs\/eyJfcmFpbHMiOnsibWVzc2FnZSI6IkJBaHBBd3N3QXc9PSIsImV4cCI6bnVsbCwicHVyIjoiYmxvYl9pZCJ9fQ==--005f2184809a384453b00f20cb09368592bf8ff9\/PTRN254323A\"><\/audio><\/p>\n<p>A previs\u00e3o do tempo para a manh\u00e3 desta sexta-feira (31) indica c\u00e9u parcialmente nublado em todo o Norte brasileiro. Possibilidade de chuva para Roraima e Par\u00e1.<\/p>\n<p>Ainda pela manh\u00e3, h\u00e1 previs\u00e3o de pancadas de chuva, com chance de trovoadas isoladas, nas demais \u00e1reas do territ\u00f3rio, exceto no Vale do Juru\u00e1 (AC) e no sudoeste do Amazonas.<\/p>\n<p>O Instituto Nacional de Meteorologia emitiu um alerta de chuvas intensas pela manh\u00e3, v\u00e1lido para o Acre, Amap\u00e1, Amazonas, Par\u00e1, Rond\u00f4nia e Tocantins A chuva pode ter entre 50 e 100 mm por dia e h\u00e1 baixo risco de corte de energia el\u00e9trica, queda de galhos de \u00e1rvores, alagamentos e de descargas el\u00e9tricas.\u00a0<\/p>\n<p>Durante a tarde e a noite, o c\u00e9u fica com muitas nuvens e a previs\u00e3o indica pancadas de chuva, com possibilidade de trovoadas isoladas, em toda a regi\u00e3o.<\/p>\n<p>Entre as capitais, a temperatura m\u00ednima prevista \u00e9 de 22\u00b0C em Porto Velho (RO) e de 23\u00baC em Rio Branco (AC). J\u00e1 as m\u00e1ximas podem chegar a 34\u00b0C em Boa Vista (RR) e Porto Velho (RO), 32\u00baC em Bel\u00e9m (PA)\u00a0e a 31\u00baC em Manaus (AM), Rio Branco (AC) e Macap\u00e1 (AP). A umidade relativa do ar varia entre 60% e 100%.\u00a0<\/p>\n<p>As informa\u00e7\u00f5es s\u00e3o do Instituto Nacional de Meteorologia.\u00a0<\/p>\n<p>\t\t\t\t\t\t\t\t\t<img loading=\"lazy\" decoding=\"async\" src=\"https:\/\/brasil61.com\/api\/v1\/serve_pixel\/17677\/79942\" alt=\"Pixel Brasil 61\" class=\"b61_pixel\" width=\"0\" height=\"0\"><\/p>\n<input type=\"hidden\" id=\"baseurl\" value=\"https:\/\/noticiasdestaque.com.br\"><input type=\"hidden\" id=\"audio_nonce\" value=\"6a24ca502e\">","protected":false},"excerpt":{"rendered":"<p>Entre as capitais, a temperatura m\u00ednima prevista \u00e9 de 22\u00b0C em Porto Velho (RO) e de 23\u00baC em Rio Branco (AC). J\u00e1 as m\u00e1ximas podem chegar a 34\u00b0C em Boa Vista (RR) e Porto Velho (RO), 32\u00baC em Bel\u00e9m (PA) e a 31\u00baC em Manaus (AM), Rio Branco (AC) e Macap\u00e1 (AP)<\/p>\n","protected":false},"author":1,"featured_media":43097,"comment_status":"open","ping_status":"open","sticky":false,"template":"","format":"standard","meta":{"fifu_image_url":"","fifu_image_alt":"","footnotes":""},"categories":[58],"tags":[],"class_list":["post-43096","post","type-post","status-publish","format-standard","has-post-thumbnail","hentry","category-cotidiano"],"distributor_meta":false,"distributor_terms":false,"distributor_media":false,"distributor_original_site_name":"Noticias em Destaque","distributor_original_site_url":"https:\/\/noticiasdestaque.com.br","push-errors":false,"_links":{"self":[{"href":"https:\/\/noticiasdestaque.com.br\/index.php\/wp-json\/wp\/v2\/posts\/43096","targetHints":{"allow":["GET"]}}],"collection":[{"href":"https:\/\/noticiasdestaque.com.br\/index.php\/wp-json\/wp\/v2\/posts"}],"about":[{"href":"https:\/\/noticiasdestaque.com.br\/index.php\/wp-json\/wp\/v2\/types\/post"}],"author":[{"embeddable":true,"href":"https:\/\/noticiasdestaque.com.br\/index.php\/wp-json\/wp\/v2\/users\/1"}],"replies":[{"embeddable":true,"href":"https:\/\/noticiasdestaque.com.br\/index.php\/wp-json\/wp\/v2\/comments?post=43096"}],"version-history":[{"count":0,"href":"https:\/\/noticiasdestaque.com.br\/index.php\/wp-json\/wp\/v2\/posts\/43096\/revisions"}],"wp:featuredmedia":[{"embeddable":true,"href":"https:\/\/noticiasdestaque.com.br\/index.php\/wp-json\/wp\/v2\/media\/43097"}],"wp:attachment":[{"href":"https:\/\/noticiasdestaque.com.br\/index.php\/wp-json\/wp\/v2\/media?parent=43096"}],"wp:term":[{"taxonomy":"category","embeddable":true,"href":"https:\/\/noticiasdestaque.com.br\/index.php\/wp-json\/wp\/v2\/categories?post=43096"},{"taxonomy":"post_tag","embeddable":true,"href":"https:\/\/noticiasdestaque.com.br\/index.php\/wp-json\/wp\/v2\/tags?post=43096"}],"curies":[{"name":"wp","href":"https:\/\/api.w.org\/{rel}","templated":true}]}}