{"id":43034,"date":"2025-02-17T18:00:00","date_gmt":"2025-02-17T21:00:00","guid":{"rendered":"https:\/\/noticiasdestaque.com.br\/index.php\/2025\/02\/17\/previsao-do-tempo-centro-oeste-sera-chuvoso-nesta-terca-feira-18-2\/"},"modified":"2025-02-17T18:00:00","modified_gmt":"2025-02-17T21:00:00","slug":"previsao-do-tempo-centro-oeste-sera-chuvoso-nesta-terca-feira-18-2","status":"publish","type":"post","link":"https:\/\/noticiasdestaque.com.br\/index.php\/2025\/02\/17\/previsao-do-tempo-centro-oeste-sera-chuvoso-nesta-terca-feira-18-2\/","title":{"rendered":"PREVIS\u00c3O DO TEMPO: Centro-Oeste ser\u00e1 chuvoso, nesta ter\u00e7a-feira (18)"},"content":{"rendered":"<p>\t\t\t\t\t\t\t\t\t\t<audio controls class=\"b61_audio_player\" data-noticia=\"80315\" src=\"https:\/\/brasil61.com\/rails\/active_storage\/blobs\/eyJfcmFpbHMiOnsibWVzc2FnZSI6IkJBaHBBeEkxQXc9PSIsImV4cCI6bnVsbCwicHVyIjoiYmxvYl9pZCJ9fQ==--ea8dcce60383be5566b584e615e7aca5699d1c90\/PTCO253991A\"><\/audio><\/p>\n<p>A regi\u00e3o Centro-Oeste do pa\u00eds ter\u00e1 chuvas intensas em quase todo o territ\u00f3rio nesta ter\u00e7a-feira (18).<\/p>\n<p>Alerta de perigo potencial, com chuva de at\u00e9 50 mm, serve para Mato Grosso, Leste e Centro Norte de Mato Grosso do Sul, bem como Norte, Sul,\u00a0Noroeste, Leste e Centro de Goi\u00e1s.<\/p>\n<p>Distrito Federal deve ter c\u00e9u com poucas nuvens.<\/p>\n<p>Na \u00faltima segunda (17), teve in\u00edcio no pa\u00eds uma terceira onda de calor. Inicialmente, o fen\u00f4meno deve afetar \u00e1reas dos estados do Mato Grosso do Sul, S\u00e3o Paulo, Minas Gerais, Santa Catarina e\u00a0Paran\u00e1, se estendendo, posteriormente, pelos estados do Goi\u00e1s e da Bahia. As \u00e1reas devem ser afetadas com temperaturas m\u00e1ximas que podem superar em mais de 5\u00b0C a m\u00e9dia climatol\u00f3gica.<\/p>\n<p>Entre as capitais, a temperatura m\u00ednima prevista \u00e9 de 18\u00b0C, em Bras\u00edlia. J\u00e1 a m\u00e1xima pode chegar a 35\u00b0C, em Campo Grande.\u00a0<\/p>\n<p>As informa\u00e7\u00f5es s\u00e3o do Instituto Nacional de Meteorologia. \u00a0<\/p>\n<p>\u00a0<\/p>\n<p>\t\t\t\t\t\t\t\t\t<img loading=\"lazy\" decoding=\"async\" src=\"https:\/\/brasil61.com\/api\/v1\/serve_pixel\/17677\/80315\" alt=\"Pixel Brasil 61\" class=\"b61_pixel\" width=\"0\" height=\"0\"><\/p>\n<input type=\"hidden\" id=\"baseurl\" value=\"https:\/\/noticiasdestaque.com.br\"><input type=\"hidden\" id=\"audio_nonce\" value=\"581f3017e1\">","protected":false},"excerpt":{"rendered":"<p>Alerta de chuvas intensas serve para MT, MS  e GO<\/p>\n","protected":false},"author":1,"featured_media":43035,"comment_status":"open","ping_status":"open","sticky":false,"template":"","format":"standard","meta":{"fifu_image_url":"","fifu_image_alt":"","footnotes":""},"categories":[58],"tags":[],"class_list":["post-43034","post","type-post","status-publish","format-standard","has-post-thumbnail","hentry","category-cotidiano"],"distributor_meta":false,"distributor_terms":false,"distributor_media":false,"distributor_original_site_name":"Noticias em Destaque","distributor_original_site_url":"https:\/\/noticiasdestaque.com.br","push-errors":false,"_links":{"self":[{"href":"https:\/\/noticiasdestaque.com.br\/index.php\/wp-json\/wp\/v2\/posts\/43034","targetHints":{"allow":["GET"]}}],"collection":[{"href":"https:\/\/noticiasdestaque.com.br\/index.php\/wp-json\/wp\/v2\/posts"}],"about":[{"href":"https:\/\/noticiasdestaque.com.br\/index.php\/wp-json\/wp\/v2\/types\/post"}],"author":[{"embeddable":true,"href":"https:\/\/noticiasdestaque.com.br\/index.php\/wp-json\/wp\/v2\/users\/1"}],"replies":[{"embeddable":true,"href":"https:\/\/noticiasdestaque.com.br\/index.php\/wp-json\/wp\/v2\/comments?post=43034"}],"version-history":[{"count":0,"href":"https:\/\/noticiasdestaque.com.br\/index.php\/wp-json\/wp\/v2\/posts\/43034\/revisions"}],"wp:featuredmedia":[{"embeddable":true,"href":"https:\/\/noticiasdestaque.com.br\/index.php\/wp-json\/wp\/v2\/media\/43035"}],"wp:attachment":[{"href":"https:\/\/noticiasdestaque.com.br\/index.php\/wp-json\/wp\/v2\/media?parent=43034"}],"wp:term":[{"taxonomy":"category","embeddable":true,"href":"https:\/\/noticiasdestaque.com.br\/index.php\/wp-json\/wp\/v2\/categories?post=43034"},{"taxonomy":"post_tag","embeddable":true,"href":"https:\/\/noticiasdestaque.com.br\/index.php\/wp-json\/wp\/v2\/tags?post=43034"}],"curies":[{"name":"wp","href":"https:\/\/api.w.org\/{rel}","templated":true}]}}