{"id":43032,"date":"2025-02-18T00:03:00","date_gmt":"2025-02-18T03:03:00","guid":{"rendered":"https:\/\/noticiasdestaque.com.br\/index.php\/2025\/02\/18\/onda-de-calor-novas-altas-de-temperatura-atingem-brasil-esta-semana\/"},"modified":"2025-02-18T00:03:00","modified_gmt":"2025-02-18T03:03:00","slug":"onda-de-calor-novas-altas-de-temperatura-atingem-brasil-esta-semana","status":"publish","type":"post","link":"https:\/\/noticiasdestaque.com.br\/index.php\/2025\/02\/18\/onda-de-calor-novas-altas-de-temperatura-atingem-brasil-esta-semana\/","title":{"rendered":"Onda de calor: novas altas de temperatura atingem Brasil esta semana"},"content":{"rendered":"<p>\t\t\t\t\t\t\t\t\t\t<audio controls class=\"b61_audio_player\" data-noticia=\"80314\" src=\"https:\/\/brasil61.com\/rails\/active_storage\/blobs\/eyJfcmFpbHMiOnsibWVzc2FnZSI6IkJBaHBBeTAxQXc9PSIsImV4cCI6bnVsbCwicHVyIjoiYmxvYl9pZCJ9fQ==--1bd978610e3fef3dc1c457bf9a7198db91e5b5b1\/BRAS2513520A\"><\/audio><\/p>\n<p>As altas temperaturas do ver\u00e3o brasileiro est\u00e3o (e v\u00e3o ficar) ainda mais elevadas. Pelo menos \u00e9 essa a previs\u00e3o do Instituto Nacional de Meteorologia (Inmet) que prev\u00ea calor acima da m\u00e9dia para grande parte do pa\u00eds esta semana. O destaque vai para capitais e regi\u00f5es metropolitanas que j\u00e1 registraram recordes nas duas \u00faltimas ondas de calor deste ver\u00e3o: Rio Grande do Sul, Rio de Janeiro, Esp\u00edrito Santo e Minas Gerais.<\/p>\n<h2>Sudeste, 40\u00baC<\/h2>\n<p>O ver\u00e3o carioca \u00e9 famoso por superar os 40\u00baC, mas as alt\u00edssimas temperaturas v\u00eam sendo frequentes e batendo sucessivos recordes, n\u00e3o s\u00f3 no Rio, mas tamb\u00e9m na regi\u00e3o metropolitana. Tanto o Inmet quanto o Sistema Alerta Rio j\u00e1 indicaram que esta semana ser\u00e1 de calor extremo, mais uma vez. Podendo, inclusive, superar a m\u00e1xima j\u00e1 registrada em fevereiro de 2023, quando a cidade alcan\u00e7ou os 41,8\u00baC.<\/p>\n<p>Mas segundo o meteorologista do Inmet Ol\u00edvio Bahia, a previs\u00e3o \u00e9 de que na pr\u00f3xima quarta-feira (19) as temperaturas caiam um pouco. \u201cN\u00e3o \u00e9 que caia para frio, mas a temperatura deve cair para cerca dos 36\u00baC, o que ainda \u00e9 muito quente\u201d, explica.<\/p>\n<p>Para os pr\u00f3ximos dias \u2014 pelo menos at\u00e9 a pr\u00f3xima quarta-feira (19)\u00a0\u2014 aten\u00e7\u00f5es voltadas para estados do Sudeste. Al\u00e9m do Rio de Janeiro, capitais e regi\u00f5es metropolitanas de Minas Gerais e do Esp\u00edrito Santo, que devem ter temperaturas altas, em torno dos 38\u00baC. Mas o calor\u00e3o n\u00e3o tende a ficar muito tempo, explica Bahia.\u00a0<\/p>\n<p>\u201cS\u00e3o dias quentes, mas a partir de quarta-feira essas temperaturas, ainda quentes, tendem a diminuir ligeiramente. Essa onda de calor tende a n\u00e3o se estabelecer.\u201d<\/p>\n<p>Outro alerta para os pr\u00f3ximos dias, segundo o meteorologista, fica por conta das chuvas. Os temporais s\u00e3o previstos para o Sul do Brasil e devem ocorrer at\u00e9 quarta-feira com maior intensidade.\u00a0<\/p>\n<h2>Mais calor no Rio Grande do Sul<\/h2>\n<p>O estado ga\u00facho pode se preparar para mais uma temporada de calor extremo, segundo o Inmet. Por l\u00e1, as temperaturas devem voltar a superar os 40\u00baC a partir da pr\u00f3xima sexta-feira ( 21).\u00a0<\/p>\n<p>\u201cAs temperaturas devem voltar a subir bastante em \u00e1reas da Argentina, Uruguai e Paraguai e essas temperaturas devem voltar a atingir as \u00e1reas do Rio Grande do Sul. Esse \u00e9 um progn\u00f3stico um pouco mais prolongado que a gente est\u00e1 visualizando que pode se estabelecer, essas temperaturas beirando os 40\u00baC em algumas \u00e1reas, especialmente na regi\u00e3o de fronteira com o Uruguai. A depender da continuidade dessas temperaturas \u2014 se perdurar por mais de cinco dias \u2014 podemos ter ondas de calor\u201d, alerta o meteorologista. \u00a0<\/p>\n<p>Se a previs\u00e3o se concretizar, esta ser\u00e1 a terceira onda de calor desde o in\u00edcio do ano. Em janeiro, a primeira onda de calor aconteceu entre 17 e 23 e, a segunda, entre os dias 2 e 12 de fevereiro, ambas no Rio Grande do Sul. Na segunda onda, o Inmet emitiu alerta vermelho de grande perigo que se estendeu a algumas \u00e1reas de Santa Catarina e Paran\u00e1. As temperaturas, durante a onda, ultrapassaram os 40\u00b0C em v\u00e1rios munic\u00edpios ga\u00fachos, como Quara\u00ed (43\u00b0C) e Uruguaiana (41,3\u00b0C). Na capital, Porto Alegre, a temperatura m\u00e1xima chegou a 39,3\u00b0C.<\/p>\n<h2>O que est\u00e1 aumentando as temperaturas?<\/h2>\n<p>Segundo o meteorologista, \u00e9 importante lembrar que as altas temperaturas s\u00e3o normais nesta \u00e9poca, justamente por estarmos no ver\u00e3o \u201co per\u00edodo em que o sol ilumina mais o hemisf\u00e9rio Sul\u201d.\u00a0<\/p>\n<p>\u201cAl\u00e9m do sol e temperaturas elevadas temos excesso de umidade, por isso temos as chuvas de ver\u00e3o.\u201d Mas nos \u00faltimos dias outros fatores t\u00eam influenciado.<\/p>\n<p>\u201cTemos uma \u00e1rea de alta press\u00e3o sobre o oceano Atl\u00e2ntico e ela inibe e dificulta a forma\u00e7\u00e3o de nuvens, com isso temos per\u00edodo de maior exposi\u00e7\u00e3o do sol. Principalmente em Minas Gerais, \u00e1reas de S\u00e3o Paulo, Rio de Janeiro, Esp\u00edrito Santo, leste do Nordeste brasileiro. Com maior exposi\u00e7\u00e3o solar, a radia\u00e7\u00e3o chega at\u00e9 a superf\u00edcie da Terra e aquece o ar pr\u00f3ximo a ela.\u201d<\/p>\n<p>Ol\u00edvio Bahia ainda explica que por n\u00e3o termos o filtro natural \u2014 a nebulosidade \u2014 \u00e9 que as temperaturas acabam ficando acima da m\u00e9dia.\u00a0<\/p>\n<h2>Calor, o maior perigo \u00e9 a desidrata\u00e7\u00e3o<\/h2>\n<p>Beb\u00eas, crian\u00e7as e idosos s\u00e3o sempre os mais vulner\u00e1veis quando o assunto \u00e9 calor e risco de desidrata\u00e7\u00e3o. Mas em casos de temperaturas altas por muitos dias, as orienta\u00e7\u00f5es valem para toda a popula\u00e7\u00e3o.<\/p>\n<p>A m\u00e9dica do esporte Fernanda Angotti\u00a0explica que, em dias de calor extremo, o ideal \u00e9 evitar exposi\u00e7\u00e3o ao sol entre o hor\u00e1rio de pico, das 10h \u00e0s 16h, principalmente\u00a0atividades f\u00edsicas. Aumentar o consumo de \u00e1gua, bebidas hidratantes, como \u00e1gua de coco e suco de frutas naturais, e manter uma uma alimenta\u00e7\u00e3o leve\u00a0\u00e9 essencial.<\/p>\n<p>\u201cUse roupas que permitam a transpira\u00e7\u00e3o, como os tecidos de algod\u00e3o e, se precisar sair de casa nos hor\u00e1rios de temperaturas mais altas, leve uma garrafa de \u00e1gua, use bon\u00e9 ou chap\u00e9u e passe protetor solar&#8221;.<\/p>\n<p>Para quem pratica atividade f\u00edsica, a especialista ainda ressalta que \u00e9 \u201cfundamental escutar o\u00a0corpo e, ao primeiro sinal de tontura, cansa\u00e7o excessivo ou taquicardia, parar imediatamente o que est\u00e1 fazendo e se abrigar na sombra.<\/p>\n<p>Esfriar o corpo com \u00e1gua fria ou gelo\u00a0tamb\u00e9m ajuda a dissipar o calor e baixar a temperatura corp\u00f3rea.<\/p>\n<p>Em Bras\u00edlia, para onde n\u00e3o h\u00e1 alerta de onda de calor, mas nos hor\u00e1rios mais quentes do dia a m\u00e1xima tem ultrapassado os 30\u00baC, o personal trainer e treinador de corrida Feldman Barcelos orienta que os alunos que treinam ao ar livre fa\u00e7am os exerc\u00edcios de manh\u00e3, o mais cedo poss\u00edvel.\u00a0<br \/>\n\u00a0<br \/>\n\u201cAt\u00e9 para treinar nos hor\u00e1rios mais cedo, a gente entra com algumas recomenda\u00e7\u00f5es: no dia anterior, hidratar bem, antes de sair de casa passar protetor e hidratar novamente para correr com o corpo j\u00e1 hidratado. Quando voc\u00ea corre com falta de \u00e1gua, voc\u00ea transpira mais com seu corpo tentando regular a temperatura, tamb\u00e9m acaba atrapalhando muito a resposta cardiovascular.\u201d O treinador compara o corpo a um carro, que quando aquece demais, tende a parar.\u00a0<\/p>\n<h2>Onda de calor<\/h2>\n<p>A onda de calor \u00e9 estabelecida quando se tem uma temperatura 5\u00baC acima da m\u00e9dia para o per\u00edodo\u00a0por, pelo menos, cinco dias consecutivos. O meteorologista Ol\u00edvio Bahia\u00a0explica que nem sempre o calor\u00e3o atinge todos esses requisitos. \u201cMas isso n\u00e3o reduz a import\u00e2ncia do calor, s\u00e3o dias mais quentes, mas \u00e0s vezes, 4\u00baC graus acima da m\u00e9dia, por exemplo.\u201d<\/p>\n<p>\t\t\t\t\t\t\t\t\t<img loading=\"lazy\" decoding=\"async\" src=\"https:\/\/brasil61.com\/api\/v1\/serve_pixel\/17677\/80314\" alt=\"Pixel Brasil 61\" class=\"b61_pixel\" width=\"0\" height=\"0\"><\/p>\n<input type=\"hidden\" id=\"baseurl\" value=\"https:\/\/noticiasdestaque.com.br\"><input type=\"hidden\" id=\"audio_nonce\" value=\"eb7638fb71\">","protected":false},"excerpt":{"rendered":"<p>RJ, ES, MG e RS devem apresentar temperaturas acima da m\u00e9dia para o per\u00edodo por mais uma semana, alerta Inmet<\/p>\n","protected":false},"author":1,"featured_media":43033,"comment_status":"open","ping_status":"open","sticky":false,"template":"","format":"standard","meta":{"fifu_image_url":"","fifu_image_alt":"","footnotes":""},"categories":[58],"tags":[],"class_list":["post-43032","post","type-post","status-publish","format-standard","has-post-thumbnail","hentry","category-cotidiano"],"distributor_meta":false,"distributor_terms":false,"distributor_media":false,"distributor_original_site_name":"Noticias em Destaque","distributor_original_site_url":"https:\/\/noticiasdestaque.com.br","push-errors":false,"_links":{"self":[{"href":"https:\/\/noticiasdestaque.com.br\/index.php\/wp-json\/wp\/v2\/posts\/43032","targetHints":{"allow":["GET"]}}],"collection":[{"href":"https:\/\/noticiasdestaque.com.br\/index.php\/wp-json\/wp\/v2\/posts"}],"about":[{"href":"https:\/\/noticiasdestaque.com.br\/index.php\/wp-json\/wp\/v2\/types\/post"}],"author":[{"embeddable":true,"href":"https:\/\/noticiasdestaque.com.br\/index.php\/wp-json\/wp\/v2\/users\/1"}],"replies":[{"embeddable":true,"href":"https:\/\/noticiasdestaque.com.br\/index.php\/wp-json\/wp\/v2\/comments?post=43032"}],"version-history":[{"count":0,"href":"https:\/\/noticiasdestaque.com.br\/index.php\/wp-json\/wp\/v2\/posts\/43032\/revisions"}],"wp:featuredmedia":[{"embeddable":true,"href":"https:\/\/noticiasdestaque.com.br\/index.php\/wp-json\/wp\/v2\/media\/43033"}],"wp:attachment":[{"href":"https:\/\/noticiasdestaque.com.br\/index.php\/wp-json\/wp\/v2\/media?parent=43032"}],"wp:term":[{"taxonomy":"category","embeddable":true,"href":"https:\/\/noticiasdestaque.com.br\/index.php\/wp-json\/wp\/v2\/categories?post=43032"},{"taxonomy":"post_tag","embeddable":true,"href":"https:\/\/noticiasdestaque.com.br\/index.php\/wp-json\/wp\/v2\/tags?post=43032"}],"curies":[{"name":"wp","href":"https:\/\/api.w.org\/{rel}","templated":true}]}}