{"id":42948,"date":"2025-02-27T18:00:00","date_gmt":"2025-02-27T21:00:00","guid":{"rendered":"https:\/\/noticiasdestaque.com.br\/index.php\/2025\/02\/27\/previsao-do-tempo-maior-parte-do-norte-do-brasil-tera-sexta-feira-28-de-pancadas-chuva-e-trovoadas\/"},"modified":"2025-02-27T18:00:00","modified_gmt":"2025-02-27T21:00:00","slug":"previsao-do-tempo-maior-parte-do-norte-do-brasil-tera-sexta-feira-28-de-pancadas-chuva-e-trovoadas","status":"publish","type":"post","link":"https:\/\/noticiasdestaque.com.br\/index.php\/2025\/02\/27\/previsao-do-tempo-maior-parte-do-norte-do-brasil-tera-sexta-feira-28-de-pancadas-chuva-e-trovoadas\/","title":{"rendered":"PREVIS\u00c3O DO TEMPO: maior parte do Norte do Brasil ter\u00e1 sexta-feira (28) de pancadas chuva e trovoadas"},"content":{"rendered":"<p>\t\t\t\t\t\t\t\t\t\t<audio controls class=\"b61_audio_player\" data-noticia=\"80531\" src=\"https:\/\/brasil61.com\/rails\/active_storage\/blobs\/eyJfcmFpbHMiOnsibWVzc2FnZSI6IkJBaHBBNW80QXc9PSIsImV4cCI6bnVsbCwicHVyIjoiYmxvYl9pZCJ9fQ==--0b219a8f5948714cdaad14fe5c8007babf01e982\/PTRN254351A\"><\/audio><\/p>\n<p>A maior parte da regi\u00e3o Norte do Brasil ter\u00e1, nesta sexta-feira (28), a presen\u00e7a de pancadas de chuva e trovoadas isoladas. \u00c9 o caso, por exemplo, de todo o estado de Rond\u00f4nia e do Acre.\u00a0<\/p>\n<p>No Amazonas, a mesma condi\u00e7\u00e3o ser\u00e1 notada nas regi\u00f5es de Alto Solim\u00f5es, Tef\u00e9, Juru\u00e1, Boca do Acre, Coari, Madeira e Itacoatiara. No Par\u00e1 n\u00e3o ser\u00e1 muito diferente, pois, com exce\u00e7\u00e3o do Baixo Amazonas, a unidade da federa\u00e7\u00e3o tamb\u00e9m ter\u00e1 c\u00e9u com muitas nuvens, pancadas de chuva e trovoadas isoladas.\u00a0<\/p>\n<p>No Tocantins, os acumulados mais intensos ser\u00e3o registrados do centro ao norte do estado, em cidades como Tupiratins e Luzin\u00f3polis. J\u00e1 no Amap\u00e1, as chuvas mais intensas ser\u00e3o verificadas na regi\u00e3o norte do estado.\u00a0<\/p>\n<p>Em Roraima, a previs\u00e3o \u00e9 de pancadas de chuva isoladas em Caracara\u00ed e Rorain\u00f3polis. Nas demais \u00e1reas no estado, h\u00e1 previs\u00e3o de chuva.\u00a0<\/p>\n<p>Entre as capitais, a temperatura m\u00ednima prevista \u00e9 de 23\u00b0C, em Bel\u00e9m. J\u00e1 a m\u00e1xima pode chegar a 36\u00b0C, em Boa Vista. A umidade relativa do ar varia entre 45% e 99%.\u00a0<\/p>\n<p>As informa\u00e7\u00f5es s\u00e3o do Instituto Nacional de Meteorologia (INMET).\u00a0<\/p>\n<p>\u00a0<\/p>\n<p>\t\t\t\t\t\t\t\t\t<img loading=\"lazy\" decoding=\"async\" src=\"https:\/\/brasil61.com\/api\/v1\/serve_pixel\/17677\/80531\" alt=\"Pixel Brasil 61\" class=\"b61_pixel\" width=\"0\" height=\"0\"><\/p>\n<input type=\"hidden\" id=\"baseurl\" value=\"https:\/\/noticiasdestaque.com.br\"><input type=\"hidden\" id=\"audio_nonce\" value=\"6f73a554f1\">","protected":false},"excerpt":{"rendered":"<p>No Tocantins, os acumulados mais intensos ser\u00e3o registrados do centro ao norte do estado<\/p>\n","protected":false},"author":1,"featured_media":42949,"comment_status":"open","ping_status":"open","sticky":false,"template":"","format":"standard","meta":{"fifu_image_url":"","fifu_image_alt":"","footnotes":""},"categories":[58],"tags":[],"class_list":["post-42948","post","type-post","status-publish","format-standard","has-post-thumbnail","hentry","category-cotidiano"],"distributor_meta":false,"distributor_terms":false,"distributor_media":false,"distributor_original_site_name":"Noticias em Destaque","distributor_original_site_url":"https:\/\/noticiasdestaque.com.br","push-errors":false,"_links":{"self":[{"href":"https:\/\/noticiasdestaque.com.br\/index.php\/wp-json\/wp\/v2\/posts\/42948","targetHints":{"allow":["GET"]}}],"collection":[{"href":"https:\/\/noticiasdestaque.com.br\/index.php\/wp-json\/wp\/v2\/posts"}],"about":[{"href":"https:\/\/noticiasdestaque.com.br\/index.php\/wp-json\/wp\/v2\/types\/post"}],"author":[{"embeddable":true,"href":"https:\/\/noticiasdestaque.com.br\/index.php\/wp-json\/wp\/v2\/users\/1"}],"replies":[{"embeddable":true,"href":"https:\/\/noticiasdestaque.com.br\/index.php\/wp-json\/wp\/v2\/comments?post=42948"}],"version-history":[{"count":0,"href":"https:\/\/noticiasdestaque.com.br\/index.php\/wp-json\/wp\/v2\/posts\/42948\/revisions"}],"wp:featuredmedia":[{"embeddable":true,"href":"https:\/\/noticiasdestaque.com.br\/index.php\/wp-json\/wp\/v2\/media\/42949"}],"wp:attachment":[{"href":"https:\/\/noticiasdestaque.com.br\/index.php\/wp-json\/wp\/v2\/media?parent=42948"}],"wp:term":[{"taxonomy":"category","embeddable":true,"href":"https:\/\/noticiasdestaque.com.br\/index.php\/wp-json\/wp\/v2\/categories?post=42948"},{"taxonomy":"post_tag","embeddable":true,"href":"https:\/\/noticiasdestaque.com.br\/index.php\/wp-json\/wp\/v2\/tags?post=42948"}],"curies":[{"name":"wp","href":"https:\/\/api.w.org\/{rel}","templated":true}]}}