{"id":42934,"date":"2025-02-18T18:00:00","date_gmt":"2025-02-18T21:00:00","guid":{"rendered":"https:\/\/noticiasdestaque.com.br\/index.php\/2025\/02\/18\/previsao-do-tempo-sudeste-tera-variacao-de-ceu-com-poucas-nuvens-nesta-quarta-feira-19\/"},"modified":"2025-02-18T18:00:00","modified_gmt":"2025-02-18T21:00:00","slug":"previsao-do-tempo-sudeste-tera-variacao-de-ceu-com-poucas-nuvens-nesta-quarta-feira-19","status":"publish","type":"post","link":"https:\/\/noticiasdestaque.com.br\/index.php\/2025\/02\/18\/previsao-do-tempo-sudeste-tera-variacao-de-ceu-com-poucas-nuvens-nesta-quarta-feira-19\/","title":{"rendered":"PREVIS\u00c3O DO TEMPO: Sudeste ter\u00e1 varia\u00e7\u00e3o de c\u00e9u com poucas nuvens, nesta quarta-feira (19)"},"content":{"rendered":"<p>\t\t\t\t\t\t\t\t\t\t<audio controls class=\"b61_audio_player\" data-noticia=\"80336\" src=\"https:\/\/brasil61.com\/rails\/active_storage\/blobs\/eyJfcmFpbHMiOnsibWVzc2FnZSI6IkJBaHBBNGcxQXc9PSIsImV4cCI6bnVsbCwicHVyIjoiYmxvYl9pZCJ9fQ==--286495fd8deddbd2a31de0c35ccb097eb94a1a27\/PTSD253977A\"><\/audio><\/p>\n<p>Nesta quarta-feira (19), a regi\u00e3o Sudeste ter\u00e1 varia\u00e7\u00e3o de c\u00e9u com poucas nuvens em grande parte do territ\u00f3rio. A condi\u00e7\u00e3o ser\u00e1 notada em Minas Gerais, Rio de Janeiro e sul do Esp\u00edrito Santo. Para o norte esp\u00edrito-santense a previs\u00e3o \u00e9 de muitas nuvens.<\/p>\n<p>Alerta de chuvas intensas cobre S\u00e3o Paulo. O aviso \u00e9 de perigo potencial e a chuva deve ter at\u00e9 50 mm pela manh\u00e3. J\u00e1 \u00e0 tarde, c\u00e9u com muitas nuvens com possibilidade de chuva isolada.<\/p>\n<p>Calor para todas as capitais, nesta quarta-feira.\u00a0A\u00a0temperatura m\u00ednima prevista no sudeste\u00a0\u00e9 de 18\u00b0C, em Belo Horizonte. J\u00e1 a m\u00e1xima pode chegar a 37\u00b0C, no Rio de Janeiro,\u00a0a 35\u00b0C, em S\u00e3o Paulo, e a 33\u00b0C, em Vit\u00f3ria e\u00a0em Belo Horizonte.<\/p>\n<p>As informa\u00e7\u00f5es s\u00e3o do Instituto Nacional de Meteorologia. \u00a0<\/p>\n<p>\t\t\t\t\t\t\t\t\t<img loading=\"lazy\" decoding=\"async\" src=\"https:\/\/brasil61.com\/api\/v1\/serve_pixel\/17677\/80336\" alt=\"Pixel Brasil 61\" class=\"b61_pixel\" width=\"0\" height=\"0\"><\/p>\n<input type=\"hidden\" id=\"baseurl\" value=\"https:\/\/noticiasdestaque.com.br\"><input type=\"hidden\" id=\"audio_nonce\" value=\"eb7638fb71\">","protected":false},"excerpt":{"rendered":"<p>Chuvas intensas devem afetar SP<\/p>\n","protected":false},"author":1,"featured_media":42935,"comment_status":"open","ping_status":"open","sticky":false,"template":"","format":"standard","meta":{"fifu_image_url":"","fifu_image_alt":"","footnotes":""},"categories":[58],"tags":[],"class_list":["post-42934","post","type-post","status-publish","format-standard","has-post-thumbnail","hentry","category-cotidiano"],"distributor_meta":false,"distributor_terms":false,"distributor_media":false,"distributor_original_site_name":"Noticias em Destaque","distributor_original_site_url":"https:\/\/noticiasdestaque.com.br","push-errors":false,"_links":{"self":[{"href":"https:\/\/noticiasdestaque.com.br\/index.php\/wp-json\/wp\/v2\/posts\/42934","targetHints":{"allow":["GET"]}}],"collection":[{"href":"https:\/\/noticiasdestaque.com.br\/index.php\/wp-json\/wp\/v2\/posts"}],"about":[{"href":"https:\/\/noticiasdestaque.com.br\/index.php\/wp-json\/wp\/v2\/types\/post"}],"author":[{"embeddable":true,"href":"https:\/\/noticiasdestaque.com.br\/index.php\/wp-json\/wp\/v2\/users\/1"}],"replies":[{"embeddable":true,"href":"https:\/\/noticiasdestaque.com.br\/index.php\/wp-json\/wp\/v2\/comments?post=42934"}],"version-history":[{"count":0,"href":"https:\/\/noticiasdestaque.com.br\/index.php\/wp-json\/wp\/v2\/posts\/42934\/revisions"}],"wp:featuredmedia":[{"embeddable":true,"href":"https:\/\/noticiasdestaque.com.br\/index.php\/wp-json\/wp\/v2\/media\/42935"}],"wp:attachment":[{"href":"https:\/\/noticiasdestaque.com.br\/index.php\/wp-json\/wp\/v2\/media?parent=42934"}],"wp:term":[{"taxonomy":"category","embeddable":true,"href":"https:\/\/noticiasdestaque.com.br\/index.php\/wp-json\/wp\/v2\/categories?post=42934"},{"taxonomy":"post_tag","embeddable":true,"href":"https:\/\/noticiasdestaque.com.br\/index.php\/wp-json\/wp\/v2\/tags?post=42934"}],"curies":[{"name":"wp","href":"https:\/\/api.w.org\/{rel}","templated":true}]}}