{"id":42928,"date":"2025-03-01T18:00:00","date_gmt":"2025-03-01T21:00:00","guid":{"rendered":"https:\/\/noticiasdestaque.com.br\/index.php\/2025\/03\/01\/previsao-do-tempo-norte-com-alerta-de-temporais\/"},"modified":"2025-03-01T18:00:00","modified_gmt":"2025-03-01T21:00:00","slug":"previsao-do-tempo-norte-com-alerta-de-temporais","status":"publish","type":"post","link":"https:\/\/noticiasdestaque.com.br\/index.php\/2025\/03\/01\/previsao-do-tempo-norte-com-alerta-de-temporais\/","title":{"rendered":"PREVIS\u00c3O DO TEMPO: Norte com alerta de temporais"},"content":{"rendered":"<p>\t\t\t\t\t\t\t\t\t\t<audio controls class=\"b61_audio_player\" data-noticia=\"80555\" src=\"https:\/\/brasil61.com\/rails\/active_storage\/blobs\/eyJfcmFpbHMiOnsibWVzc2FnZSI6IkJBaHBBeGM1QXc9PSIsImV4cCI6bnVsbCwicHVyIjoiYmxvYl9pZCJ9fQ==--2c74bb4fa419c89a887fd7ca9e30bf4f2fff4cad\/PTRN254352A\"><\/audio><\/p>\n<p>Domingo de carnaval com muita chuva prevista para todos os estados do Norte. O alerta laranja, de perigo para chuvas intensas, foi emitido pelo Inmet para o oeste do Acre e sudoeste do Amazonas, onde pode chover forte em pouco tempo, com risco de alagamentos e queda de energia.\u00a0<\/p>\n<p>O mesmo alerta se estende para todo o estado de Rond\u00f4nia e a faixa leste do Par\u00e1. Sob alerta para chuvas, s\u00f3 que de menor volume e intensidade, o estado do Tocantins.\u00a0<\/p>\n<p>No norte do Amazonas e em grande parte do estado de Roraima, a previs\u00e3o para este domingo \u00e9 de sol aparecendo entre nuvens.\u00a0<\/p>\n<p>Em todas as capitais, com exce\u00e7\u00e3o de Boa Vista (RR), o dia ser\u00e1 de muita chuva. Manaus e Macap\u00e1, com chuva forte prevista, ter\u00e3o m\u00e1xima de 33\u00baC . Onde o dia fica mais firme, que \u00e9 na capital de Roraima, os term\u00f4metros batem os 34\u00baC.\u00a0<\/p>\n<p>Palmas e Rio Branco chegam aos 30\u00baC neste domingo.\u00a0<\/p>\n<p>As informa\u00e7\u00f5es s\u00e3o do Inmet<\/p>\n<p>\n\u00a0<\/p>\n<p>\t\t\t\t\t\t\t\t\t<img loading=\"lazy\" decoding=\"async\" src=\"https:\/\/brasil61.com\/api\/v1\/serve_pixel\/17677\/80555\" alt=\"Pixel Brasil 61\" class=\"b61_pixel\" width=\"0\" height=\"0\"><\/p>\n<input type=\"hidden\" id=\"baseurl\" value=\"https:\/\/noticiasdestaque.com.br\"><input type=\"hidden\" id=\"audio_nonce\" value=\"6a24ca502e\">","protected":false},"excerpt":{"rendered":"<p>Estados do Norte t\u00eam o maior ac\u00famulo de chuvas previsto do Brasil, com temporais concentrados no Acre e Par\u00e1 <\/p>\n","protected":false},"author":1,"featured_media":42929,"comment_status":"open","ping_status":"open","sticky":false,"template":"","format":"standard","meta":{"fifu_image_url":"","fifu_image_alt":"","footnotes":""},"categories":[58],"tags":[],"class_list":["post-42928","post","type-post","status-publish","format-standard","has-post-thumbnail","hentry","category-cotidiano"],"distributor_meta":false,"distributor_terms":false,"distributor_media":false,"distributor_original_site_name":"Noticias em Destaque","distributor_original_site_url":"https:\/\/noticiasdestaque.com.br","push-errors":false,"_links":{"self":[{"href":"https:\/\/noticiasdestaque.com.br\/index.php\/wp-json\/wp\/v2\/posts\/42928","targetHints":{"allow":["GET"]}}],"collection":[{"href":"https:\/\/noticiasdestaque.com.br\/index.php\/wp-json\/wp\/v2\/posts"}],"about":[{"href":"https:\/\/noticiasdestaque.com.br\/index.php\/wp-json\/wp\/v2\/types\/post"}],"author":[{"embeddable":true,"href":"https:\/\/noticiasdestaque.com.br\/index.php\/wp-json\/wp\/v2\/users\/1"}],"replies":[{"embeddable":true,"href":"https:\/\/noticiasdestaque.com.br\/index.php\/wp-json\/wp\/v2\/comments?post=42928"}],"version-history":[{"count":0,"href":"https:\/\/noticiasdestaque.com.br\/index.php\/wp-json\/wp\/v2\/posts\/42928\/revisions"}],"wp:featuredmedia":[{"embeddable":true,"href":"https:\/\/noticiasdestaque.com.br\/index.php\/wp-json\/wp\/v2\/media\/42929"}],"wp:attachment":[{"href":"https:\/\/noticiasdestaque.com.br\/index.php\/wp-json\/wp\/v2\/media?parent=42928"}],"wp:term":[{"taxonomy":"category","embeddable":true,"href":"https:\/\/noticiasdestaque.com.br\/index.php\/wp-json\/wp\/v2\/categories?post=42928"},{"taxonomy":"post_tag","embeddable":true,"href":"https:\/\/noticiasdestaque.com.br\/index.php\/wp-json\/wp\/v2\/tags?post=42928"}],"curies":[{"name":"wp","href":"https:\/\/api.w.org\/{rel}","templated":true}]}}