{"id":42916,"date":"2025-03-18T18:00:00","date_gmt":"2025-03-18T21:00:00","guid":{"rendered":"https:\/\/noticiasdestaque.com.br\/index.php\/2025\/03\/18\/previsao-do-tempo-norte-com-alerta-de-chuvas-intensas\/"},"modified":"2025-03-18T18:00:00","modified_gmt":"2025-03-18T21:00:00","slug":"previsao-do-tempo-norte-com-alerta-de-chuvas-intensas","status":"publish","type":"post","link":"https:\/\/noticiasdestaque.com.br\/index.php\/2025\/03\/18\/previsao-do-tempo-norte-com-alerta-de-chuvas-intensas\/","title":{"rendered":"PREVIS\u00c3O DO TEMPO: Norte com alerta de chuvas intensas"},"content":{"rendered":"<p>\t\t\t\t\t\t\t\t\t\t<audio controls class=\"b61_audio_player\" data-noticia=\"80834\" src=\"https:\/\/brasil61.com\/rails\/active_storage\/blobs\/eyJfcmFpbHMiOnsibWVzc2FnZSI6IkJBaHBBeGsrQXc9PSIsImV4cCI6bnVsbCwicHVyIjoiYmxvYl9pZCJ9fQ==--4cbfc58925be7569400022261adde72c9c769423\/PTRN254368A\"><\/audio><\/p>\n<p>A quarta-feira ser\u00e1 marcada por mais chuva na Regi\u00e3o Norte. O Inmet emitiu alerta amarelo \u2014 de perigo potencial de chuvas intensas \u2014 para todos os estados, com exce\u00e7\u00e3o de Roraima.\u00a0<\/p>\n<p>Um grande volume de chuva \u00e9 esperado, principalmente para todo o estado do Amazonas, Acre, Rond\u00f4nia e oeste do Par\u00e1. Manaus, Rio Branco e Porto Velho s\u00e3o as capitais mais chuvosas da regi\u00e3o.\u00a0<\/p>\n<p>Em Roraima o sol aparece entre nuvens e h\u00e1 previs\u00e3o de um dia seco, com m\u00e1xima chegando aos 33\u00baC na capital Boa Vista. No Amap\u00e1 a previs\u00e3o \u00e9 de chuvas isoladas, incluindo a capital Macap\u00e1. Por l\u00e1 e em Bel\u00e9m, as m\u00e1ximas chegam aos 30\u00baC.<\/p>\n<p>Outro estado com tempo seco e sol previsto para toda a quarta-feira \u00e9 Tocantins, onde a m\u00e1xima chega aos 34\u00baC, em Palmas.\u00a0<\/p>\n<p>As informa\u00e7\u00f5es s\u00e3o do Inmet<\/p>\n<p>\n\u00a0<\/p>\n<p>\t\t\t\t\t\t\t\t\t<img loading=\"lazy\" decoding=\"async\" src=\"https:\/\/brasil61.com\/api\/v1\/serve_pixel\/17677\/80834\" alt=\"Pixel Brasil 61\" class=\"b61_pixel\" width=\"0\" height=\"0\"><\/p>\n<input type=\"hidden\" id=\"baseurl\" value=\"https:\/\/noticiasdestaque.com.br\"><input type=\"hidden\" id=\"audio_nonce\" value=\"c9f06e19e6\">","protected":false},"excerpt":{"rendered":"<p>Estados do Norte t\u00eam alerta amarelo, com risco de chuvas intensas<\/p>\n","protected":false},"author":1,"featured_media":42917,"comment_status":"open","ping_status":"open","sticky":false,"template":"","format":"standard","meta":{"fifu_image_url":"","fifu_image_alt":"","footnotes":""},"categories":[58],"tags":[],"class_list":["post-42916","post","type-post","status-publish","format-standard","has-post-thumbnail","hentry","category-cotidiano"],"distributor_meta":false,"distributor_terms":false,"distributor_media":false,"distributor_original_site_name":"Noticias em Destaque","distributor_original_site_url":"https:\/\/noticiasdestaque.com.br","push-errors":false,"_links":{"self":[{"href":"https:\/\/noticiasdestaque.com.br\/index.php\/wp-json\/wp\/v2\/posts\/42916","targetHints":{"allow":["GET"]}}],"collection":[{"href":"https:\/\/noticiasdestaque.com.br\/index.php\/wp-json\/wp\/v2\/posts"}],"about":[{"href":"https:\/\/noticiasdestaque.com.br\/index.php\/wp-json\/wp\/v2\/types\/post"}],"author":[{"embeddable":true,"href":"https:\/\/noticiasdestaque.com.br\/index.php\/wp-json\/wp\/v2\/users\/1"}],"replies":[{"embeddable":true,"href":"https:\/\/noticiasdestaque.com.br\/index.php\/wp-json\/wp\/v2\/comments?post=42916"}],"version-history":[{"count":0,"href":"https:\/\/noticiasdestaque.com.br\/index.php\/wp-json\/wp\/v2\/posts\/42916\/revisions"}],"wp:featuredmedia":[{"embeddable":true,"href":"https:\/\/noticiasdestaque.com.br\/index.php\/wp-json\/wp\/v2\/media\/42917"}],"wp:attachment":[{"href":"https:\/\/noticiasdestaque.com.br\/index.php\/wp-json\/wp\/v2\/media?parent=42916"}],"wp:term":[{"taxonomy":"category","embeddable":true,"href":"https:\/\/noticiasdestaque.com.br\/index.php\/wp-json\/wp\/v2\/categories?post=42916"},{"taxonomy":"post_tag","embeddable":true,"href":"https:\/\/noticiasdestaque.com.br\/index.php\/wp-json\/wp\/v2\/tags?post=42916"}],"curies":[{"name":"wp","href":"https:\/\/api.w.org\/{rel}","templated":true}]}}