{"id":42908,"date":"2025-02-28T18:00:00","date_gmt":"2025-02-28T21:00:00","guid":{"rendered":"https:\/\/noticiasdestaque.com.br\/index.php\/2025\/02\/28\/previsao-do-tempo-sul-tera-pancadas-de-chuva-e-calor-neste-sabado-1\/"},"modified":"2025-02-28T18:00:00","modified_gmt":"2025-02-28T21:00:00","slug":"previsao-do-tempo-sul-tera-pancadas-de-chuva-e-calor-neste-sabado-1","status":"publish","type":"post","link":"https:\/\/noticiasdestaque.com.br\/index.php\/2025\/02\/28\/previsao-do-tempo-sul-tera-pancadas-de-chuva-e-calor-neste-sabado-1\/","title":{"rendered":"PREVIS\u00c3O DO TEMPO: Sul ter\u00e1 pancadas de chuva e calor, neste s\u00e1bado (1\u00b0)"},"content":{"rendered":"<p>\t\t\t\t\t\t\t\t\t\t<audio controls class=\"b61_audio_player\" data-noticia=\"80561\" src=\"https:\/\/brasil61.com\/rails\/active_storage\/blobs\/eyJfcmFpbHMiOnsibWVzc2FnZSI6IkJBaHBBeUE1QXc9PSIsImV4cCI6bnVsbCwicHVyIjoiYmxvYl9pZCJ9fQ==--a512669b0d57fb01deb8466022f4c62fa6621ea5\/PTRS253870A\"><\/audio><\/p>\n<p>Neste s\u00e1bado (1\u00b0), a Regi\u00e3o Sul ter\u00e1 pancadas de chuva em quase todo o territ\u00f3rio. H\u00e1 ainda aviso de onda de calor com risco \u00e0 sa\u00fade que vale para regi\u00f5es de SC, PR e RS.<\/p>\n<p>As \u00e1reas afetadas pelas altas temperaturas ser\u00e3o toda a extens\u00e3o do RS, exceto litoral, bem como\u00a0Centro Ocidental,\u00a0Noroeste,\u00a0Norte Central,\u00a0Sudoeste,\u00a0Oeste e Centro-Sul Paranaense e\u00a0Oeste Catarinense.\u00a0<\/p>\n<p>Para SC e PR, muitas nuvens com possibilidade de chuva ao leste.<\/p>\n<p>J\u00e1 no RS, muitas nuvens com pancadas de chuva e trovoadas isoladas ao longo do dia.<\/p>\n<p>Entre as capitais, a temperatura m\u00ednima prevista \u00e9 de 17\u00b0C, em Curitiba. J\u00e1 a m\u00e1xima pode chegar a 36\u00b0C, em Porto Alegre.\u00a0<\/p>\n<p>As informa\u00e7\u00f5es s\u00e3o do Instituto Nacional de Meteorologia. \u00a0<\/p>\n<p>\u00a0<\/p>\n<p>\u00a0<\/p>\n<p>\t\t\t\t\t\t\t\t\t<img loading=\"lazy\" decoding=\"async\" src=\"https:\/\/brasil61.com\/api\/v1\/serve_pixel\/17677\/80561\" alt=\"Pixel Brasil 61\" class=\"b61_pixel\" width=\"0\" height=\"0\"><\/p>\n<input type=\"hidden\" id=\"baseurl\" value=\"https:\/\/noticiasdestaque.com.br\"><input type=\"hidden\" id=\"audio_nonce\" value=\"9fd43fe80e\">","protected":false},"excerpt":{"rendered":"<p>Alerta de onda de calor com risco \u00e0 sa\u00fade vale para PR, SC e RS<\/p>\n","protected":false},"author":1,"featured_media":42909,"comment_status":"open","ping_status":"open","sticky":false,"template":"","format":"standard","meta":{"fifu_image_url":"","fifu_image_alt":"","footnotes":""},"categories":[58],"tags":[],"class_list":["post-42908","post","type-post","status-publish","format-standard","has-post-thumbnail","hentry","category-cotidiano"],"distributor_meta":false,"distributor_terms":false,"distributor_media":false,"distributor_original_site_name":"Noticias em Destaque","distributor_original_site_url":"https:\/\/noticiasdestaque.com.br","push-errors":false,"_links":{"self":[{"href":"https:\/\/noticiasdestaque.com.br\/index.php\/wp-json\/wp\/v2\/posts\/42908","targetHints":{"allow":["GET"]}}],"collection":[{"href":"https:\/\/noticiasdestaque.com.br\/index.php\/wp-json\/wp\/v2\/posts"}],"about":[{"href":"https:\/\/noticiasdestaque.com.br\/index.php\/wp-json\/wp\/v2\/types\/post"}],"author":[{"embeddable":true,"href":"https:\/\/noticiasdestaque.com.br\/index.php\/wp-json\/wp\/v2\/users\/1"}],"replies":[{"embeddable":true,"href":"https:\/\/noticiasdestaque.com.br\/index.php\/wp-json\/wp\/v2\/comments?post=42908"}],"version-history":[{"count":0,"href":"https:\/\/noticiasdestaque.com.br\/index.php\/wp-json\/wp\/v2\/posts\/42908\/revisions"}],"wp:featuredmedia":[{"embeddable":true,"href":"https:\/\/noticiasdestaque.com.br\/index.php\/wp-json\/wp\/v2\/media\/42909"}],"wp:attachment":[{"href":"https:\/\/noticiasdestaque.com.br\/index.php\/wp-json\/wp\/v2\/media?parent=42908"}],"wp:term":[{"taxonomy":"category","embeddable":true,"href":"https:\/\/noticiasdestaque.com.br\/index.php\/wp-json\/wp\/v2\/categories?post=42908"},{"taxonomy":"post_tag","embeddable":true,"href":"https:\/\/noticiasdestaque.com.br\/index.php\/wp-json\/wp\/v2\/tags?post=42908"}],"curies":[{"name":"wp","href":"https:\/\/api.w.org\/{rel}","templated":true}]}}