{"id":42898,"date":"2025-02-17T18:00:00","date_gmt":"2025-02-17T21:00:00","guid":{"rendered":"https:\/\/noticiasdestaque.com.br\/index.php\/2025\/02\/17\/previsao-do-tempo-sudeste-tera-variacao-de-ceu-com-poucas-e-muitas-nuvens-nesta-terca-feira-18\/"},"modified":"2025-02-17T18:00:00","modified_gmt":"2025-02-17T21:00:00","slug":"previsao-do-tempo-sudeste-tera-variacao-de-ceu-com-poucas-e-muitas-nuvens-nesta-terca-feira-18","status":"publish","type":"post","link":"https:\/\/noticiasdestaque.com.br\/index.php\/2025\/02\/17\/previsao-do-tempo-sudeste-tera-variacao-de-ceu-com-poucas-e-muitas-nuvens-nesta-terca-feira-18\/","title":{"rendered":"PREVIS\u00c3O DO TEMPO: Sudeste ter\u00e1 varia\u00e7\u00e3o de c\u00e9u com poucas e muitas nuvens, nesta ter\u00e7a-feira (18)"},"content":{"rendered":"<p>\t\t\t\t\t\t\t\t\t\t<audio controls class=\"b61_audio_player\" data-noticia=\"80313\" src=\"https:\/\/brasil61.com\/rails\/active_storage\/blobs\/eyJfcmFpbHMiOnsibWVzc2FnZSI6IkJBaHBBeE0xQXc9PSIsImV4cCI6bnVsbCwicHVyIjoiYmxvYl9pZCJ9fQ==--3d38f40c7e47b512cfb1f5f828ece63be56b8948\/PTSD253976A\"><\/audio><\/p>\n<p>A regi\u00e3o Sudeste do pa\u00eds ter\u00e1 varia\u00e7\u00e3o de c\u00e9u com poucas e muitas nuvens, nesta ter\u00e7a-feira (18). A condi\u00e7\u00e3o ser\u00e1 notada no Rio de Janeiro, Minas Gerais e Esp\u00edrito Santo, bem como no norte de S\u00e3o Paulo.<\/p>\n<p>As regi\u00f5es\u00a0Sul e sudoeste paulista devem ter c\u00e9u com muitas nuvens com pancadas de chuva isoladas.<\/p>\n<p>Na \u00faltima segunda (17), teve in\u00edcio no pa\u00eds uma terceira onda de calor. Inicialmente, o fen\u00f4meno deve afetar \u00e1reas dos estados do Mato Grosso do Sul, S\u00e3o Paulo, Minas Gerais, Santa Catarina e\u00a0Paran\u00e1, se estendendo, posteriormente, pelos estados do Goi\u00e1s e da Bahia. As \u00e1reas devem ser afetadas\u00a0com temperaturas m\u00e1ximas que podem superar em mais de 5\u00b0C a m\u00e9dia climatol\u00f3gica.<\/p>\n<p>Entre as capitais, a temperatura m\u00ednima prevista nesta ter\u00e7a-feira \u00e9 de 18\u00b0C, em Belo Horizonte.\u00a0J\u00e1 a m\u00e1xima pode chegar a 41\u00b0C, no Rio de Janeiro e a 35\u00b0 em S\u00e3o Paulo e Vit\u00f3ria.\u00a0<\/p>\n<p>As informa\u00e7\u00f5es s\u00e3o do Instituto Nacional de Meteorologia. \u00a0<\/p>\n<p>\u00a0<\/p>\n<p>\t\t\t\t\t\t\t\t\t<img loading=\"lazy\" decoding=\"async\" src=\"https:\/\/brasil61.com\/api\/v1\/serve_pixel\/17677\/80313\" alt=\"Pixel Brasil 61\" class=\"b61_pixel\" width=\"0\" height=\"0\"><\/p>\n<input type=\"hidden\" id=\"baseurl\" value=\"https:\/\/noticiasdestaque.com.br\"><input type=\"hidden\" id=\"audio_nonce\" value=\"581f3017e1\">","protected":false},"excerpt":{"rendered":"<p>Chuva se concentra em SP<\/p>\n","protected":false},"author":1,"featured_media":42899,"comment_status":"open","ping_status":"open","sticky":false,"template":"","format":"standard","meta":{"fifu_image_url":"","fifu_image_alt":"","footnotes":""},"categories":[58],"tags":[],"class_list":["post-42898","post","type-post","status-publish","format-standard","has-post-thumbnail","hentry","category-cotidiano"],"distributor_meta":false,"distributor_terms":false,"distributor_media":false,"distributor_original_site_name":"Noticias em Destaque","distributor_original_site_url":"https:\/\/noticiasdestaque.com.br","push-errors":false,"_links":{"self":[{"href":"https:\/\/noticiasdestaque.com.br\/index.php\/wp-json\/wp\/v2\/posts\/42898","targetHints":{"allow":["GET"]}}],"collection":[{"href":"https:\/\/noticiasdestaque.com.br\/index.php\/wp-json\/wp\/v2\/posts"}],"about":[{"href":"https:\/\/noticiasdestaque.com.br\/index.php\/wp-json\/wp\/v2\/types\/post"}],"author":[{"embeddable":true,"href":"https:\/\/noticiasdestaque.com.br\/index.php\/wp-json\/wp\/v2\/users\/1"}],"replies":[{"embeddable":true,"href":"https:\/\/noticiasdestaque.com.br\/index.php\/wp-json\/wp\/v2\/comments?post=42898"}],"version-history":[{"count":0,"href":"https:\/\/noticiasdestaque.com.br\/index.php\/wp-json\/wp\/v2\/posts\/42898\/revisions"}],"wp:featuredmedia":[{"embeddable":true,"href":"https:\/\/noticiasdestaque.com.br\/index.php\/wp-json\/wp\/v2\/media\/42899"}],"wp:attachment":[{"href":"https:\/\/noticiasdestaque.com.br\/index.php\/wp-json\/wp\/v2\/media?parent=42898"}],"wp:term":[{"taxonomy":"category","embeddable":true,"href":"https:\/\/noticiasdestaque.com.br\/index.php\/wp-json\/wp\/v2\/categories?post=42898"},{"taxonomy":"post_tag","embeddable":true,"href":"https:\/\/noticiasdestaque.com.br\/index.php\/wp-json\/wp\/v2\/tags?post=42898"}],"curies":[{"name":"wp","href":"https:\/\/api.w.org\/{rel}","templated":true}]}}