{"id":42886,"date":"2025-02-23T18:00:00","date_gmt":"2025-02-23T21:00:00","guid":{"rendered":"https:\/\/noticiasdestaque.com.br\/index.php\/2025\/02\/23\/previsao-do-tempo-ceu-com-muitas-nuvens-e-altas-temperaturas-no-sul-nesta-segunda-feira-24\/"},"modified":"2025-02-23T18:00:00","modified_gmt":"2025-02-23T21:00:00","slug":"previsao-do-tempo-ceu-com-muitas-nuvens-e-altas-temperaturas-no-sul-nesta-segunda-feira-24","status":"publish","type":"post","link":"https:\/\/noticiasdestaque.com.br\/index.php\/2025\/02\/23\/previsao-do-tempo-ceu-com-muitas-nuvens-e-altas-temperaturas-no-sul-nesta-segunda-feira-24\/","title":{"rendered":"PREVIS\u00c3O DO TEMPO: C\u00e9u com muitas nuvens e altas temperaturas no Sul, nesta segunda-feira (24)"},"content":{"rendered":"<p>LOC.: O tempo com muitas nuvens e sem chuvas deve predominar na regi\u00e3o Sul, nesta segunda-feira (24). A previs\u00e3o vale para o Rio Grande do Sul, Santa Catarina e parte do \u00a0Paran\u00e1.<\/p>\n<p>No norte paranaense, previs\u00e3o de muitas nuvens com pancadas de chuva isoladas.<\/p>\n<p>O alerta de onda de calor ainda est\u00e1 mantido para a regi\u00e3o, com temperatura 5\u00baC acima da m\u00e9dia. O comunicado do Instituto Nacional de Meteorologia, Inmet, vale para as seguintes regi\u00f5es: Noroeste Rio-grandense, Oeste Catarinense, Metropolitana de Porto Alegre, Sudeste Rio-grandense, Nordeste Rio-grandense, Sul Catarinense, Centro Oriental Rio-grandense e Serrana.<\/p>\n<p>Entre as capitais, temperaturas podem chegar aos 31\u00baC em Curitiba (PR) e Florian\u00f3polis (SC), e aos 37\u00baC em Porto Alegre (RS).<\/p>\n<p>As informa\u00e7\u00f5es s\u00e3o do Instituto Nacional de Meteorologia.<br \/>\n\u00a0<\/p>\n<p>\t\t\t\t\t\t\t\t\t<img loading=\"lazy\" decoding=\"async\" src=\"https:\/\/brasil61.com\/api\/v1\/serve_pixel\/17677\/80444\" alt=\"Pixel Brasil 61\" class=\"b61_pixel\" width=\"0\" height=\"0\"><\/p>\n<input type=\"hidden\" id=\"baseurl\" value=\"https:\/\/noticiasdestaque.com.br\"><input type=\"hidden\" id=\"audio_nonce\" value=\"6f73a554f1\">","protected":false},"excerpt":{"rendered":"<p>O alerta de onda de calor ainda est\u00e1 mantido para a regi\u00e3o, com temperatura 5\u00baC acima da m\u00e9dia<\/p>\n","protected":false},"author":1,"featured_media":42887,"comment_status":"open","ping_status":"open","sticky":false,"template":"","format":"standard","meta":{"fifu_image_url":"","fifu_image_alt":"","footnotes":""},"categories":[58],"tags":[],"class_list":["post-42886","post","type-post","status-publish","format-standard","has-post-thumbnail","hentry","category-cotidiano"],"distributor_meta":false,"distributor_terms":false,"distributor_media":false,"distributor_original_site_name":"Noticias em Destaque","distributor_original_site_url":"https:\/\/noticiasdestaque.com.br","push-errors":false,"_links":{"self":[{"href":"https:\/\/noticiasdestaque.com.br\/index.php\/wp-json\/wp\/v2\/posts\/42886","targetHints":{"allow":["GET"]}}],"collection":[{"href":"https:\/\/noticiasdestaque.com.br\/index.php\/wp-json\/wp\/v2\/posts"}],"about":[{"href":"https:\/\/noticiasdestaque.com.br\/index.php\/wp-json\/wp\/v2\/types\/post"}],"author":[{"embeddable":true,"href":"https:\/\/noticiasdestaque.com.br\/index.php\/wp-json\/wp\/v2\/users\/1"}],"replies":[{"embeddable":true,"href":"https:\/\/noticiasdestaque.com.br\/index.php\/wp-json\/wp\/v2\/comments?post=42886"}],"version-history":[{"count":0,"href":"https:\/\/noticiasdestaque.com.br\/index.php\/wp-json\/wp\/v2\/posts\/42886\/revisions"}],"wp:featuredmedia":[{"embeddable":true,"href":"https:\/\/noticiasdestaque.com.br\/index.php\/wp-json\/wp\/v2\/media\/42887"}],"wp:attachment":[{"href":"https:\/\/noticiasdestaque.com.br\/index.php\/wp-json\/wp\/v2\/media?parent=42886"}],"wp:term":[{"taxonomy":"category","embeddable":true,"href":"https:\/\/noticiasdestaque.com.br\/index.php\/wp-json\/wp\/v2\/categories?post=42886"},{"taxonomy":"post_tag","embeddable":true,"href":"https:\/\/noticiasdestaque.com.br\/index.php\/wp-json\/wp\/v2\/tags?post=42886"}],"curies":[{"name":"wp","href":"https:\/\/api.w.org\/{rel}","templated":true}]}}