{"id":42850,"date":"2025-03-26T18:00:00","date_gmt":"2025-03-26T21:00:00","guid":{"rendered":"https:\/\/noticiasdestaque.com.br\/index.php\/2025\/03\/26\/previsao-do-tempo-sudeste-tera-chuva-isolada-em-grande-parte-do-territorio-nesta-quinta-feira-27\/"},"modified":"2025-03-26T18:00:00","modified_gmt":"2025-03-26T21:00:00","slug":"previsao-do-tempo-sudeste-tera-chuva-isolada-em-grande-parte-do-territorio-nesta-quinta-feira-27","status":"publish","type":"post","link":"https:\/\/noticiasdestaque.com.br\/index.php\/2025\/03\/26\/previsao-do-tempo-sudeste-tera-chuva-isolada-em-grande-parte-do-territorio-nesta-quinta-feira-27\/","title":{"rendered":"PREVIS\u00c3O DO TEMPO: Sudeste ter\u00e1 chuva isolada em grande parte do territ\u00f3rio, nesta quinta-feira (27)"},"content":{"rendered":"<p>\t\t\t\t\t\t\t\t\t\t<audio controls class=\"b61_audio_player\" data-noticia=\"81003\" src=\"https:\/\/brasil61.com\/rails\/active_storage\/blobs\/eyJfcmFpbHMiOnsibWVzc2FnZSI6IkJBaHBBeDFCQXc9PSIsImV4cCI6bnVsbCwicHVyIjoiYmxvYl9pZCJ9fQ==--9a91ab8cdddf3d5dcccbbee3c4ce6b0aa2ccdbae\/PTSD254011A\"><\/audio><\/p>\n<p>Nesta quinta-feira (27), a regi\u00e3o Sudeste do pa\u00eds ter\u00e1 chuva isolada em grande parte do territ\u00f3rio. A condi\u00e7\u00e3o ser\u00e1 notada em SP, sul do RJ e sul de MG.<\/p>\n<p>Para o ES, muitas nuvens com pancadas de chuva isoladas, bem como para central mineira, que tamb\u00e9m deve ter trovoadas isoladas.\u00a0<\/p>\n<p>Alerta de chuvas intensas cobre \u00e1reas de MG e do ES. As regi\u00f5es afetadas ser\u00e3o Norte, Noroeste, Central Mineira e\u00a0Tri\u00e2ngulo Mineiro, bem como Norte, Central e\u00a0Noroeste Esp\u00edrito-santense.<\/p>\n<p>Entre as capitais, a temperatura m\u00ednima prevista nesta quinta-feira \u00e9 de 18\u00b0C, em Belo Horizonte e S\u00e3o Paulo. J\u00e1 a m\u00e1xima pode chegar a 32\u00b0C, no Rio de Janeiro.\u00a0<\/p>\n<p>As informa\u00e7\u00f5es s\u00e3o do Instituto Nacional de Meteorologia. \u00a0<\/p>\n<p>\u00a0<\/p>\n<p>\t\t\t\t\t\t\t\t\t<img loading=\"lazy\" decoding=\"async\" src=\"https:\/\/brasil61.com\/api\/v1\/serve_pixel\/17677\/81003\" alt=\"Pixel Brasil 61\" class=\"b61_pixel\" width=\"0\" height=\"0\"><\/p>\n<input type=\"hidden\" id=\"baseurl\" value=\"https:\/\/noticiasdestaque.com.br\"><input type=\"hidden\" id=\"audio_nonce\" value=\"c9f06e19e6\">","protected":false},"excerpt":{"rendered":"<p>Chuvas intensas cobrem MG e ES<\/p>\n","protected":false},"author":1,"featured_media":42851,"comment_status":"open","ping_status":"open","sticky":false,"template":"","format":"standard","meta":{"fifu_image_url":"","fifu_image_alt":"","footnotes":""},"categories":[58],"tags":[],"class_list":["post-42850","post","type-post","status-publish","format-standard","has-post-thumbnail","hentry","category-cotidiano"],"distributor_meta":false,"distributor_terms":false,"distributor_media":false,"distributor_original_site_name":"Noticias em Destaque","distributor_original_site_url":"https:\/\/noticiasdestaque.com.br","push-errors":false,"_links":{"self":[{"href":"https:\/\/noticiasdestaque.com.br\/index.php\/wp-json\/wp\/v2\/posts\/42850","targetHints":{"allow":["GET"]}}],"collection":[{"href":"https:\/\/noticiasdestaque.com.br\/index.php\/wp-json\/wp\/v2\/posts"}],"about":[{"href":"https:\/\/noticiasdestaque.com.br\/index.php\/wp-json\/wp\/v2\/types\/post"}],"author":[{"embeddable":true,"href":"https:\/\/noticiasdestaque.com.br\/index.php\/wp-json\/wp\/v2\/users\/1"}],"replies":[{"embeddable":true,"href":"https:\/\/noticiasdestaque.com.br\/index.php\/wp-json\/wp\/v2\/comments?post=42850"}],"version-history":[{"count":0,"href":"https:\/\/noticiasdestaque.com.br\/index.php\/wp-json\/wp\/v2\/posts\/42850\/revisions"}],"wp:featuredmedia":[{"embeddable":true,"href":"https:\/\/noticiasdestaque.com.br\/index.php\/wp-json\/wp\/v2\/media\/42851"}],"wp:attachment":[{"href":"https:\/\/noticiasdestaque.com.br\/index.php\/wp-json\/wp\/v2\/media?parent=42850"}],"wp:term":[{"taxonomy":"category","embeddable":true,"href":"https:\/\/noticiasdestaque.com.br\/index.php\/wp-json\/wp\/v2\/categories?post=42850"},{"taxonomy":"post_tag","embeddable":true,"href":"https:\/\/noticiasdestaque.com.br\/index.php\/wp-json\/wp\/v2\/tags?post=42850"}],"curies":[{"name":"wp","href":"https:\/\/api.w.org\/{rel}","templated":true}]}}