{"id":42834,"date":"2024-09-27T01:00:00","date_gmt":"2024-09-27T04:00:00","guid":{"rendered":"https:\/\/noticiasdestaque.com.br\/index.php\/2024\/09\/27\/historias-exportadoras-empresa-de-mudas-in-vitro-da-primeiros-passos-no-mercado-internacional-com-ajuda-da-apexbrasil\/"},"modified":"2024-09-27T01:00:00","modified_gmt":"2024-09-27T04:00:00","slug":"historias-exportadoras-empresa-de-mudas-in-vitro-da-primeiros-passos-no-mercado-internacional-com-ajuda-da-apexbrasil","status":"publish","type":"post","link":"https:\/\/noticiasdestaque.com.br\/index.php\/2024\/09\/27\/historias-exportadoras-empresa-de-mudas-in-vitro-da-primeiros-passos-no-mercado-internacional-com-ajuda-da-apexbrasil\/","title":{"rendered":"HIST\u00d3RIAS EXPORTADORAS: empresa de mudas in vitro d\u00e1 primeiros passos no mercado internacional com ajuda da ApexBrasil"},"content":{"rendered":"<p>\t\t\t\t\t\t\t\t\t\t<audio controls class=\"b61_audio_player\" data-noticia=\"76186\" src=\"https:\/\/brasil61.com\/rails\/active_storage\/blobs\/eyJfcmFpbHMiOnsibWVzc2FnZSI6IkJBaHBBeTcrQWc9PSIsImV4cCI6bnVsbCwicHVyIjoiYmxvYl9pZCJ9fQ==--aee77206379b81b83478353e9d9d74e35e29f286\/APEX240032A\"><\/audio><\/p>\n<p>As exporta\u00e7\u00f5es de produtos da floricultura brasileira registraram queda de 6,15% entre 2011 e 2023. Segundo a Secretaria de Com\u00e9rcio Exterior do Minist\u00e9rio do Desenvolvimento, Ind\u00fastria, Com\u00e9rcio e Servi\u00e7os (MDIC), o setor faturou US$ 28,29 milh\u00f5es com exporta\u00e7\u00f5es em 2011, resultado que caiu para US$ 14,41 milh\u00f5es em 2023. Segundo um estudo do Instituto de Economia Agr\u00edcola, a pandemia de Covid-19 impactou o setor de flores e plantas ornamentais n\u00e3o s\u00f3 no Brasil, mas no mundo todo.\u00a0<\/p>\n<p>Em meio a esse cen\u00e1rio desafiador, empresas como a Nova Planta \u2014 especializada na produ\u00e7\u00e3o de mudas in vitro \u2014 encontraram oportunidades de crescimento no mercado externo, gra\u00e7as ao apoio da <a href=\"https:\/\/apexbrasil.com.br\/\" target=\"_blank\">Ag\u00eancia Brasileira de Promo\u00e7\u00e3o de Exporta\u00e7\u00f5es e Investimentos (ApexBrasil)<\/a>.<\/p>\n<p>A Nova Planta foi fundada pelo paraense Rodrigo Cordeiro em 2019 e, al\u00e9m das ornamentais, tamb\u00e9m produz mudas de plantas nativas, arom\u00e1ticas, frut\u00edferas, florestais, condimentares e medicinais. A ideia do neg\u00f3cio surgiu na faculdade, quando Rodrigo, que \u00e9 t\u00e9cnico em meio ambiente, resolveu transformar o cultivo de plantas in vitro em algo rent\u00e1vel.<\/p>\n<p>\u201cCome\u00e7ou com uma ideia de uma coisa que eu j\u00e1 fazia pessoalmente, para ganhar dinheiro no Par\u00e1. Sabe quando voc\u00ea faz uma coisa e fala assim: \u2018nossa, eu amo essa coisa, eu quero fazer isso aqui, eu vou estudar isso aqui\u2019. Eu encontrei a professora Suzana, que foi minha orientadora durante quase toda a universidade. Hoje ela \u00e9 minha s\u00f3cia. Aprendi muito no laborat\u00f3rio dela. Ent\u00e3o, a gente fez uma parceria e abrimos a Nova Planta, que at\u00e9 hoje est\u00e1 no mercado, desde 2019.\u201d<\/p>\n<p>A Nova Planta passou de uma produ\u00e7\u00e3o inicial de 1.500 mudas por m\u00eas para 20 mil atualmente. Hoje, al\u00e9m da produ\u00e7\u00e3o das mudas in vitro, o neg\u00f3cio tamb\u00e9m desenvolve protocolos de testes de viabilidade de sementes, limpeza clonal, pesquisas, ministra cursos para cultura de tecidos vegetais e presta consultorias e capacita\u00e7\u00f5es para laborat\u00f3rios de micropropaga\u00e7\u00e3o in vitro.\u00a0<\/p>\n<h2>Internacionaliza\u00e7\u00e3o<\/h2>\n<p>A ideia de vender os produtos e servi\u00e7os da Nova Planta surgiu logo no in\u00edcio da empresa, quando um pedido da Turquia fez com que o empres\u00e1rio corresse atr\u00e1s de ajuda para dar conta da demanda desafiadora.\u00a0<\/p>\n<p>&#8220;A gente estava bem no comecinho e um turco pediu 100 mil mudas. \u00c9 um pedido grande at\u00e9 para uma empresa m\u00e9dia. Vi que a gente tinha potencial, mas ficamos meio assim, porque n\u00e3o sab\u00edamos exportar. Eu liguei para o Sebrae e eles me indicaram a Apex.&#8221;<\/p>\n<p>Ap\u00f3s se capacitar em um programa da ApexBrasil, Rodrigo sentiu seguran\u00e7a para firmar um contrato de venda para o Chile e hoje n\u00e3o se intimida mais em alcan\u00e7ar o mercado de outros pa\u00edses.<\/p>\n<p>\u201cA Apex eu digo que \u00e9 igual a uma m\u00e3e, porque a gente j\u00e1 terminou [a capacita\u00e7\u00e3o], mas a gente continua participando de capacita\u00e7\u00e3o, eventos. Ent\u00e3o, na minha cabe\u00e7a, n\u00e3o terminou. Terminou a capacita\u00e7\u00e3o, mas o nosso relacionamento n\u00e3o acabou.\u201d<\/p>\n<h2>Solu\u00e7\u00f5es<\/h2>\n<p>Uma das solu\u00e7\u00f5es que a ApexBrasil oferece para empresas que querem expandir as opera\u00e7\u00f5es para o exterior \u00e9 a <a href=\"https:\/\/apexbrasil.com.br\/content\/apexbrasil\/br\/pt\/solucoes\/todas-as-solucoes\/orientacao-de-mercado-local-para-internacionalizacao.html\" target=\"_blank\">Orienta\u00e7\u00e3o de Mercado Local para Internacionaliza\u00e7\u00e3o<\/a>.\u00a0<\/p>\n<p>Por meio de equipes e rede de parceiros e fornecedores, a ApexBrasil oferece informa\u00e7\u00f5es para subsidiar a escolha do local de opera\u00e7\u00e3o, redu\u00e7\u00e3o dos riscos de implementa\u00e7\u00e3o do neg\u00f3cio l\u00e1 fora, an\u00e1lise sobre o modelo de neg\u00f3cios para o pa\u00eds-alvo e engajamento da equipe.<\/p>\n<p>Para outras informa\u00e7\u00f5es sobre a Orienta\u00e7\u00e3o de Mercado Local para Internacionaliza\u00e7\u00e3o, clique <a href=\"https:\/\/apexbrasil.com.br\/content\/apexbrasil\/br\/pt\/solucoes\/todas-as-solucoes\/orientacao-de-mercado-local-para-internacionalizacao.html\" target=\"_blank\">aqui<\/a>. Se quiser saber mais sobre outros programas da Ag\u00eancia Brasileira de Promo\u00e7\u00e3o de Exporta\u00e7\u00f5es e Investimentos, acesse <a href=\"https:\/\/apexbrasil.com.br\/\" target=\"_blank\">www.apexbrasil.com.br<\/a>.<\/p>\n<p><strong><a href=\"https:\/\/brasil61.com\/n\/historias-exportadoras-exportar-parecia-um-bicho-de-sete-cabecas-mas-o-peiex-nos-preparou-para-o-mercado-internacional-diz-empreendedora-apex240027\" target=\"_blank\">HIST\u00d3RIAS EXPORTADORAS: &#8220;Exportar parecia um bicho de sete cabe\u00e7as, mas o Peiex nos preparou para o mercado internacional&#8221;, diz empreendedora<\/a><\/strong><\/p>\n<p><strong><a href=\"https:\/\/brasil61.com\/n\/historias-exportadoras-confira-a-trajetoria-de-sucesso-do-empresario-que-em-5-anos-superou-falencia-vendaval-e-depressao-apex240026\" target=\"_blank\">HIST\u00d3RIAS EXPORTADORAS: confira a trajet\u00f3ria de sucesso do empres\u00e1rio que, em 5 anos, superou fal\u00eancia, vendaval e depress\u00e3o<\/a><\/strong><\/p>\n<p>\t\t\t\t\t\t\t\t\t<img loading=\"lazy\" decoding=\"async\" src=\"https:\/\/brasil61.com\/api\/v1\/serve_pixel\/17677\/76186\" alt=\"Pixel Brasil 61\" class=\"b61_pixel\" width=\"0\" height=\"0\"><\/p>\n<input type=\"hidden\" id=\"baseurl\" value=\"https:\/\/noticiasdestaque.com.br\"><input type=\"hidden\" id=\"audio_nonce\" value=\"6a24ca502e\">","protected":false},"excerpt":{"rendered":"<p>Empres\u00e1rio participou de programa de capacita\u00e7\u00e3o da ApexBrasil e hoje tem contrato para exportar para o Chile<\/p>\n","protected":false},"author":1,"featured_media":42835,"comment_status":"open","ping_status":"open","sticky":false,"template":"","format":"standard","meta":{"fifu_image_url":"","fifu_image_alt":"","footnotes":""},"categories":[59],"tags":[],"class_list":["post-42834","post","type-post","status-publish","format-standard","has-post-thumbnail","hentry","category-economia"],"distributor_meta":false,"distributor_terms":false,"distributor_media":false,"distributor_original_site_name":"Noticias em Destaque","distributor_original_site_url":"https:\/\/noticiasdestaque.com.br","push-errors":false,"_links":{"self":[{"href":"https:\/\/noticiasdestaque.com.br\/index.php\/wp-json\/wp\/v2\/posts\/42834","targetHints":{"allow":["GET"]}}],"collection":[{"href":"https:\/\/noticiasdestaque.com.br\/index.php\/wp-json\/wp\/v2\/posts"}],"about":[{"href":"https:\/\/noticiasdestaque.com.br\/index.php\/wp-json\/wp\/v2\/types\/post"}],"author":[{"embeddable":true,"href":"https:\/\/noticiasdestaque.com.br\/index.php\/wp-json\/wp\/v2\/users\/1"}],"replies":[{"embeddable":true,"href":"https:\/\/noticiasdestaque.com.br\/index.php\/wp-json\/wp\/v2\/comments?post=42834"}],"version-history":[{"count":0,"href":"https:\/\/noticiasdestaque.com.br\/index.php\/wp-json\/wp\/v2\/posts\/42834\/revisions"}],"wp:featuredmedia":[{"embeddable":true,"href":"https:\/\/noticiasdestaque.com.br\/index.php\/wp-json\/wp\/v2\/media\/42835"}],"wp:attachment":[{"href":"https:\/\/noticiasdestaque.com.br\/index.php\/wp-json\/wp\/v2\/media?parent=42834"}],"wp:term":[{"taxonomy":"category","embeddable":true,"href":"https:\/\/noticiasdestaque.com.br\/index.php\/wp-json\/wp\/v2\/categories?post=42834"},{"taxonomy":"post_tag","embeddable":true,"href":"https:\/\/noticiasdestaque.com.br\/index.php\/wp-json\/wp\/v2\/tags?post=42834"}],"curies":[{"name":"wp","href":"https:\/\/api.w.org\/{rel}","templated":true}]}}