{"id":42786,"date":"2025-03-23T22:57:00","date_gmt":"2025-03-24T01:57:00","guid":{"rendered":"https:\/\/noticiasdestaque.com.br\/index.php\/2025\/03\/23\/brasil-recicla-60-do-aluminio-consumido-e-supera-media-global\/"},"modified":"2025-03-23T22:57:00","modified_gmt":"2025-03-24T01:57:00","slug":"brasil-recicla-60-do-aluminio-consumido-e-supera-media-global","status":"publish","type":"post","link":"https:\/\/noticiasdestaque.com.br\/index.php\/2025\/03\/23\/brasil-recicla-60-do-aluminio-consumido-e-supera-media-global\/","title":{"rendered":"Brasil recicla 60% do alum\u00ednio consumido e supera m\u00e9dia global"},"content":{"rendered":"<p>A reciclagem global de alum\u00ednio deve atingir entre 90 e 100 milh\u00f5es de toneladas anuais at\u00e9 2050, de acordo com proje\u00e7\u00f5es do International Aluminium Institute (IAI), divulgadas pela Associa\u00e7\u00e3o Brasileira do Alum\u00ednio (ABAL). Atualmente, o volume reciclado \u00e9 de aproximadamente 41 milh\u00f5es de toneladas, o que evidencia o papel estrat\u00e9gico desse processo na economia circular e na redu\u00e7\u00e3o da pegada de carbono.<\/p>\n<p>No Brasil, a reciclagem de sucata de alum\u00ednio alcan\u00e7ou 850 mil toneladas em 2023, \u00faltimo dado dispon\u00edvel, representando cerca de 60% do consumo total do metal no pa\u00eds. Esse \u00edndice \u00e9 superior \u00e0 m\u00e9dia global, que gira em torno de 30%.<\/p>\n<p>O alum\u00ednio pode ser reciclado in\u00fameras vezes sem perder suas propriedades, o que o torna um material essencial para a economia circular. Sua reutiliza\u00e7\u00e3o reduz a extra\u00e7\u00e3o de mat\u00e9ria-prima, economiza energia e fortalece cadeias produtivas sustent\u00e1veis.<\/p>\n<p>Comparado \u00e0 produ\u00e7\u00e3o prim\u00e1ria, a reciclagem do alum\u00ednio consome 95% menos energia, fator relevante para a descarboniza\u00e7\u00e3o da ind\u00fastria e de setores como transporte, embalagens, eletricidade e constru\u00e7\u00e3o civil.<\/p>\n<p>\t\t\t\t\t\t\t\t\t<img loading=\"lazy\" decoding=\"async\" src=\"https:\/\/brasil61.com\/api\/v1\/serve_pixel\/17677\/80951\" alt=\"Pixel Brasil 61\" class=\"b61_pixel\" width=\"0\" height=\"0\"><\/p>\n<input type=\"hidden\" id=\"baseurl\" value=\"https:\/\/noticiasdestaque.com.br\"><input type=\"hidden\" id=\"audio_nonce\" value=\"6f73a554f1\">","protected":false},"excerpt":{"rendered":"<p>Em 2023, o Pa\u00eds reciclou 850 mil toneladas do metal, refor\u00e7ando seu papel na economia circular e na efici\u00eancia energ\u00e9tica da ind\u00fastria.<\/p>\n","protected":false},"author":1,"featured_media":42787,"comment_status":"open","ping_status":"open","sticky":false,"template":"","format":"standard","meta":{"fifu_image_url":"","fifu_image_alt":"","footnotes":""},"categories":[59],"tags":[],"class_list":["post-42786","post","type-post","status-publish","format-standard","has-post-thumbnail","hentry","category-economia"],"distributor_meta":false,"distributor_terms":false,"distributor_media":false,"distributor_original_site_name":"Noticias em Destaque","distributor_original_site_url":"https:\/\/noticiasdestaque.com.br","push-errors":false,"_links":{"self":[{"href":"https:\/\/noticiasdestaque.com.br\/index.php\/wp-json\/wp\/v2\/posts\/42786","targetHints":{"allow":["GET"]}}],"collection":[{"href":"https:\/\/noticiasdestaque.com.br\/index.php\/wp-json\/wp\/v2\/posts"}],"about":[{"href":"https:\/\/noticiasdestaque.com.br\/index.php\/wp-json\/wp\/v2\/types\/post"}],"author":[{"embeddable":true,"href":"https:\/\/noticiasdestaque.com.br\/index.php\/wp-json\/wp\/v2\/users\/1"}],"replies":[{"embeddable":true,"href":"https:\/\/noticiasdestaque.com.br\/index.php\/wp-json\/wp\/v2\/comments?post=42786"}],"version-history":[{"count":0,"href":"https:\/\/noticiasdestaque.com.br\/index.php\/wp-json\/wp\/v2\/posts\/42786\/revisions"}],"wp:featuredmedia":[{"embeddable":true,"href":"https:\/\/noticiasdestaque.com.br\/index.php\/wp-json\/wp\/v2\/media\/42787"}],"wp:attachment":[{"href":"https:\/\/noticiasdestaque.com.br\/index.php\/wp-json\/wp\/v2\/media?parent=42786"}],"wp:term":[{"taxonomy":"category","embeddable":true,"href":"https:\/\/noticiasdestaque.com.br\/index.php\/wp-json\/wp\/v2\/categories?post=42786"},{"taxonomy":"post_tag","embeddable":true,"href":"https:\/\/noticiasdestaque.com.br\/index.php\/wp-json\/wp\/v2\/tags?post=42786"}],"curies":[{"name":"wp","href":"https:\/\/api.w.org\/{rel}","templated":true}]}}