{"id":42770,"date":"2025-03-09T21:58:00","date_gmt":"2025-03-10T00:58:00","guid":{"rendered":"https:\/\/noticiasdestaque.com.br\/index.php\/2025\/03\/09\/brasil-pode-ter-papel-relevante-na-producao-de-minerais-criticos\/"},"modified":"2025-03-09T21:58:00","modified_gmt":"2025-03-10T00:58:00","slug":"brasil-pode-ter-papel-relevante-na-producao-de-minerais-criticos","status":"publish","type":"post","link":"https:\/\/noticiasdestaque.com.br\/index.php\/2025\/03\/09\/brasil-pode-ter-papel-relevante-na-producao-de-minerais-criticos\/","title":{"rendered":"Brasil pode ter papel relevante na produ\u00e7\u00e3o de minerais cr\u00edticos"},"content":{"rendered":"<p>O Brasil parece estar no foco dos investidores interessados na explora\u00e7\u00e3o de minerais cr\u00edticos para a transi\u00e7\u00e3o energ\u00e9tica, a julgar pelo n\u00famero de participantes no\u00a0<strong>Brazilian Mining Day<\/strong>, que reuniu quase 200 pessoas e integrou as atividades brasileiras durante a conven\u00e7\u00e3o PDAC 2025, que acontece de 2 a 5 de mar\u00e7o em Toronto, Canad\u00e1.<\/p>\n<p>Para o embaixador do Brasil no Canad\u00e1, Carlos Fran\u00e7a, o Brasil emergiu como um dos l\u00edderes na explora\u00e7\u00e3o de minerais cr\u00edticos para transi\u00e7\u00e3o energ\u00e9tica e deve desempenhar papel relevante na produ\u00e7\u00e3o desses minerais.<\/p>\n<p>J\u00e1 a presidente do Conselho Diretor do Ibram, Ana Sanches, enfatizou que a minera\u00e7\u00e3o brasileira est\u00e1 mudando. \u201cA vis\u00e3o de passado da minera\u00e7\u00e3o, de ser uma atividade arcaica, est\u00e1 dando lugar para conceitos como modernidade, inova\u00e7\u00e3o, sustentabilidade, inclus\u00e3o, com o uso de equipamentos aut\u00f4nomos e drones nas opera\u00e7\u00f5es\u201d. Ana Sanches, primeira mulher a ocupar o cargo na hist\u00f3ria da entidade e\u00a0que tamb\u00e9m \u00e9 CEO da Anglo American Brasil, disse que a minera\u00e7\u00e3o brasileira conserva uma \u00e1rea que \u00e9 11 vezes maior do que aquela ocupada com as atividades de extra\u00e7\u00e3o, emprega cerca de 2 milh\u00f5es de pessoas (direta e indiretamente), responde por 4% do PIB do Pa\u00eds e contribuiu com 47% do saldo da balan\u00e7a comercial brasileira em 2024.<\/p>\n<p>Ela salientou, ainda, que o Brasil conta com grandes reservas de minerais estrat\u00e9gicos, energia renov\u00e1vel e um ambiente geopol\u00edtico est\u00e1vel, o que favorece a atra\u00e7\u00e3o de investimentos no setor mineral brasileiro. No entanto, ela afirmou que h\u00e1 desafios a serem vencidos, mencionando especificamente a inclus\u00e3o da minera\u00e7\u00e3o entre os setores sujeitos ao imposto seletivo, que deve ter um impacto de R$ 300 milh\u00f5es sobre os custos da atividade.<\/p>\n<p>Ainda na mesma sess\u00e3o de abertura do Brazilian Mining Day, outros representantes de governo do Pa\u00eds, como V\u00edtor Saback (secret\u00e1rio de Geologia, Minera\u00e7\u00e3o e Transforma\u00e7\u00e3o Mineral do MME), Mauro Souza (diretor geral da ANM) e Francisco Valdir Silveira (diretor de Geologia e Recursos Minerais do SGB) incentivaram os empres\u00e1rios a investir no setor mineral brasileiro, pois o pa\u00eds oferece uma legisla\u00e7\u00e3o amig\u00e1vel e est\u00e1 aberto a quem deseja praticar uma minera\u00e7\u00e3o respons\u00e1vel, sustent\u00e1vel e \u00e9tica.<\/p>\n<p>No caso do representante do SGB, ele informou que foi conclu\u00eddo o processo de licita\u00e7\u00e3o para a execu\u00e7\u00e3o de 1 mil quil\u00f4metros de levantamentos aerogeof\u00edsicos, o que muito contribuir\u00e1 para amplia\u00e7\u00e3o do conhecimento do potencial do geol\u00f3gico brasileiro.\u00a0<em>(Por Francisco Alves, de Toronto. A cobertura de Brasil Mineral do PDAC 2025 tem apoio da\u00a0<strong>True Mine<\/strong>)<\/em><\/p>\n<p>\t\t\t\t\t\t\t\t\t<img loading=\"lazy\" decoding=\"async\" src=\"https:\/\/brasil61.com\/api\/v1\/serve_pixel\/17677\/80691\" alt=\"Pixel Brasil 61\" class=\"b61_pixel\" width=\"0\" height=\"0\"><\/p>\n<input type=\"hidden\" id=\"baseurl\" value=\"https:\/\/noticiasdestaque.com.br\"><input type=\"hidden\" id=\"audio_nonce\" value=\"6f73a554f1\">","protected":false},"excerpt":{"rendered":"<p>Para o embaixador do Brasil no Canad\u00e1, Carlos Fran\u00e7a, o Brasil emergiu como um dos l\u00edderes na explora\u00e7\u00e3o de minerais cr\u00edticos para transi\u00e7\u00e3o energ\u00e9tica.<\/p>\n","protected":false},"author":1,"featured_media":42771,"comment_status":"open","ping_status":"open","sticky":false,"template":"","format":"standard","meta":{"fifu_image_url":"","fifu_image_alt":"","footnotes":""},"categories":[59],"tags":[],"class_list":["post-42770","post","type-post","status-publish","format-standard","has-post-thumbnail","hentry","category-economia"],"distributor_meta":false,"distributor_terms":false,"distributor_media":false,"distributor_original_site_name":"Noticias em Destaque","distributor_original_site_url":"https:\/\/noticiasdestaque.com.br","push-errors":false,"_links":{"self":[{"href":"https:\/\/noticiasdestaque.com.br\/index.php\/wp-json\/wp\/v2\/posts\/42770","targetHints":{"allow":["GET"]}}],"collection":[{"href":"https:\/\/noticiasdestaque.com.br\/index.php\/wp-json\/wp\/v2\/posts"}],"about":[{"href":"https:\/\/noticiasdestaque.com.br\/index.php\/wp-json\/wp\/v2\/types\/post"}],"author":[{"embeddable":true,"href":"https:\/\/noticiasdestaque.com.br\/index.php\/wp-json\/wp\/v2\/users\/1"}],"replies":[{"embeddable":true,"href":"https:\/\/noticiasdestaque.com.br\/index.php\/wp-json\/wp\/v2\/comments?post=42770"}],"version-history":[{"count":0,"href":"https:\/\/noticiasdestaque.com.br\/index.php\/wp-json\/wp\/v2\/posts\/42770\/revisions"}],"wp:featuredmedia":[{"embeddable":true,"href":"https:\/\/noticiasdestaque.com.br\/index.php\/wp-json\/wp\/v2\/media\/42771"}],"wp:attachment":[{"href":"https:\/\/noticiasdestaque.com.br\/index.php\/wp-json\/wp\/v2\/media?parent=42770"}],"wp:term":[{"taxonomy":"category","embeddable":true,"href":"https:\/\/noticiasdestaque.com.br\/index.php\/wp-json\/wp\/v2\/categories?post=42770"},{"taxonomy":"post_tag","embeddable":true,"href":"https:\/\/noticiasdestaque.com.br\/index.php\/wp-json\/wp\/v2\/tags?post=42770"}],"curies":[{"name":"wp","href":"https:\/\/api.w.org\/{rel}","templated":true}]}}