{"id":42730,"date":"2025-04-12T00:02:00","date_gmt":"2025-04-12T03:02:00","guid":{"rendered":"https:\/\/noticiasdestaque.com.br\/index.php\/2025\/04\/12\/furto-de-cabos-compromete-servicos-essenciais-e-podera-ter-pena-de-ate-8-anos-de-prisao\/"},"modified":"2025-04-12T00:02:00","modified_gmt":"2025-04-12T03:02:00","slug":"furto-de-cabos-compromete-servicos-essenciais-e-podera-ter-pena-de-ate-8-anos-de-prisao","status":"publish","type":"post","link":"https:\/\/noticiasdestaque.com.br\/index.php\/2025\/04\/12\/furto-de-cabos-compromete-servicos-essenciais-e-podera-ter-pena-de-ate-8-anos-de-prisao\/","title":{"rendered":"Furto de cabos compromete servi\u00e7os essenciais e poder\u00e1 ter pena de at\u00e9 8 anos de pris\u00e3o"},"content":{"rendered":"<p>\t\t\t\t\t\t\t\t\t\t<audio controls class=\"b61_audio_player\" data-noticia=\"81341\" src=\"https:\/\/brasil61.com\/rails\/active_storage\/blobs\/eyJfcmFpbHMiOnsibWVzc2FnZSI6IkJBaHBBeWxIQXc9PSIsImV4cCI6bnVsbCwicHVyIjoiYmxvYl9pZCJ9fQ==--0b387f74a071c7cb892a8d00e6da16c7aeb98520\/BRAS2513787A\"><\/audio><\/p>\n<p>O Senado aprovou o projeto de lei que<strong> prev\u00ea o endurecimento das penas para crimes relacionados ao furto, roubo e recepta\u00e7\u00e3o de fios, cabos e equipamentos de telefonia ou transmiss\u00e3o de energia el\u00e9trica<\/strong>. A proposta, de origem na C\u00e2mara dos Deputados, <strong>altera o C\u00f3digo Penal e a Lei Geral das Telecomunica\u00e7\u00f5es<\/strong>. Como foi modificada pelos senadores, a mat\u00e9ria retorna agora para nova an\u00e1lise dos deputados.<\/p>\n<p>De acordo com o texto do<a href=\"https:\/\/www25.senado.leg.br\/web\/atividade\/materias\/-\/materia\/166700\"> PL 4.872\/2024<\/a>,<strong> quem furtar fios ou cabos de eletricidade e telefonia poder\u00e1 ser punido com reclus\u00e3o de dois a oito anos<\/strong>, al\u00e9m de multa. A mesma pena ser\u00e1 aplicada quando o furto comprometer o funcionamento de \u00f3rg\u00e3os p\u00fablicos ou de servi\u00e7os considerados essenciais.<strong> Em casos de roubo \u2014 quando h\u00e1 uso de viol\u00eancia ou amea\u00e7a \u2014, a puni\u00e7\u00e3o sobe para 6 a 12 anos de reclus\u00e3o. J\u00e1 a recepta\u00e7\u00e3o, que envolve a compra, transporte ou oculta\u00e7\u00e3o desses materiais, poder\u00e1 ser penalizada com reclus\u00e3o de dois a 16 anos, al\u00e9m de multa<\/strong>.<\/p>\n<p>O projeto tamb\u00e9m estabelece puni\u00e7\u00f5es para concession\u00e1rias de telecomunica\u00e7\u00e3o que utilizarem fios ou cabos oriundos de crimes. No entanto, se a empresa comprovar que os cabos ou equipamentos foram roubados ou furtados, ficar\u00e1 isenta de cumprir certas obriga\u00e7\u00f5es regulat\u00f3rias. A interrup\u00e7\u00e3o do servi\u00e7o, nesses casos, n\u00e3o afetar\u00e1 os indicadores de qualidade exigidos pela regulamenta\u00e7\u00e3o.<\/p>\n<h2>O crime em n\u00fameros\u00a0<\/h2>\n<p>Segundo um levantamento feito pelo <a href=\"https:\/\/conexis.org.br\/mais-de-54-milhoes-de-metros-de-cabos-de-telecom-foram-roubados-em-2023\/\">Instituto Conexis Brasil<\/a>, s\u00f3 em 2023,<strong> esse tipo de crime deixou 7,6 milh\u00f5es de pessoas sem servi\u00e7os de telecomunica\u00e7\u00e3o<\/strong>. Em nota, o instituto defende uma a\u00e7\u00e3o coordenada de seguran\u00e7a p\u00fablica envolvendo o Judici\u00e1rio, o Legislativo e o Executivo, tanto o federal, quanto os estaduais e municipais, e a aprova\u00e7\u00e3o de projetos de lei no Congresso Nacional que aumentem a puni\u00e7\u00e3o para esses crimes e ajudem a combater essas a\u00e7\u00f5es criminosas.<\/p>\n<p>&#8220;O furto, roubo, vandalismo e tamb\u00e9m a recepta\u00e7\u00e3o de cabos e equipamentos causam preju\u00edzo direto a milh\u00f5es de consumidores todos os anos, que ficam sem acesso a servi\u00e7os de utilidade p\u00fablica, como pol\u00edcia, bombeiros e emerg\u00eancias m\u00e9dicas.\u201d<\/p>\n<p><strong>Metros de cabos de telecomunica\u00e7\u00f5es furtados ou roubados no Brasil<\/strong><\/p>\n<ul>\n<li>2022: 4.717.382 metros<\/li>\n<li>2023: 5.404.354 metros<\/li>\n<li>1\u00ba semestre de 2024: 1.999.929 metros<\/li>\n<\/ul>\n<p><strong>2023:<\/strong><\/p>\n<ul>\n<li>S\u00e3o Paulo: 1.450 mil metros<\/li>\n<li>Paran\u00e1: 955 mil metros<\/li>\n<li>Bahia: 636 mil metros<\/li>\n<\/ul>\n<p><strong>1\u00ba semestre de 2024:<\/strong><\/p>\n<ul>\n<li>S\u00e3o Paulo: 769,7 mil metros<\/li>\n<li>Bahia: 225,8 mil metros<\/li>\n<li>Paran\u00e1: 192,8 mil metros<\/li>\n<\/ul>\n<p>\n\u00a0<\/p>\n<p>\t\t\t\t\t\t\t\t\t<img loading=\"lazy\" decoding=\"async\" src=\"https:\/\/brasil61.com\/api\/v1\/serve_pixel\/17677\/81341\" alt=\"Pixel Brasil 61\" class=\"b61_pixel\" width=\"0\" height=\"0\"><\/p>\n<input type=\"hidden\" id=\"baseurl\" value=\"https:\/\/noticiasdestaque.com.br\"><input type=\"hidden\" id=\"audio_nonce\" value=\"6f73a554f1\">","protected":false},"excerpt":{"rendered":"<p>Senado aprovou aumento de penas para furto e recepta\u00e7\u00e3o de cabos e equipamentos de energia e telefonia. Segundo o Instituto Conexis Brasil Digital, s\u00f3 no primeiro semestre de 2024 cerca de 2 milh\u00f5es de metros de cabos de telecomunica\u00e7\u00f5es foram furtados ou roubados no Brasil; 7 milh\u00f5es de pessoas foram prejudicadas <\/p>\n","protected":false},"author":1,"featured_media":42731,"comment_status":"open","ping_status":"open","sticky":false,"template":"","format":"standard","meta":{"fifu_image_url":"","fifu_image_alt":"","footnotes":""},"categories":[50],"tags":[],"class_list":["post-42730","post","type-post","status-publish","format-standard","has-post-thumbnail","hentry","category-politica"],"distributor_meta":false,"distributor_terms":false,"distributor_media":false,"distributor_original_site_name":"Noticias em Destaque","distributor_original_site_url":"https:\/\/noticiasdestaque.com.br","push-errors":false,"_links":{"self":[{"href":"https:\/\/noticiasdestaque.com.br\/index.php\/wp-json\/wp\/v2\/posts\/42730","targetHints":{"allow":["GET"]}}],"collection":[{"href":"https:\/\/noticiasdestaque.com.br\/index.php\/wp-json\/wp\/v2\/posts"}],"about":[{"href":"https:\/\/noticiasdestaque.com.br\/index.php\/wp-json\/wp\/v2\/types\/post"}],"author":[{"embeddable":true,"href":"https:\/\/noticiasdestaque.com.br\/index.php\/wp-json\/wp\/v2\/users\/1"}],"replies":[{"embeddable":true,"href":"https:\/\/noticiasdestaque.com.br\/index.php\/wp-json\/wp\/v2\/comments?post=42730"}],"version-history":[{"count":0,"href":"https:\/\/noticiasdestaque.com.br\/index.php\/wp-json\/wp\/v2\/posts\/42730\/revisions"}],"wp:featuredmedia":[{"embeddable":true,"href":"https:\/\/noticiasdestaque.com.br\/index.php\/wp-json\/wp\/v2\/media\/42731"}],"wp:attachment":[{"href":"https:\/\/noticiasdestaque.com.br\/index.php\/wp-json\/wp\/v2\/media?parent=42730"}],"wp:term":[{"taxonomy":"category","embeddable":true,"href":"https:\/\/noticiasdestaque.com.br\/index.php\/wp-json\/wp\/v2\/categories?post=42730"},{"taxonomy":"post_tag","embeddable":true,"href":"https:\/\/noticiasdestaque.com.br\/index.php\/wp-json\/wp\/v2\/tags?post=42730"}],"curies":[{"name":"wp","href":"https:\/\/api.w.org\/{rel}","templated":true}]}}