{"id":42728,"date":"2025-04-12T00:03:00","date_gmt":"2025-04-12T03:03:00","guid":{"rendered":"https:\/\/noticiasdestaque.com.br\/index.php\/2025\/04\/12\/pre-candidato-a-presidencia-ronaldo-caiado-tem-inelegibilidade-afastada-pela-justica-eleitoral-de-goias\/"},"modified":"2025-04-12T00:03:00","modified_gmt":"2025-04-12T03:03:00","slug":"pre-candidato-a-presidencia-ronaldo-caiado-tem-inelegibilidade-afastada-pela-justica-eleitoral-de-goias","status":"publish","type":"post","link":"https:\/\/noticiasdestaque.com.br\/index.php\/2025\/04\/12\/pre-candidato-a-presidencia-ronaldo-caiado-tem-inelegibilidade-afastada-pela-justica-eleitoral-de-goias\/","title":{"rendered":"Pr\u00e9-candidato \u00e0 presid\u00eancia, Ronaldo Caiado tem inelegibilidade afastada pela justi\u00e7a eleitoral de Goi\u00e1s"},"content":{"rendered":"<p>\t\t\t\t\t\t\t\t\t\t<audio controls class=\"b61_audio_player\" data-noticia=\"81340\" src=\"https:\/\/brasil61.com\/rails\/active_storage\/blobs\/eyJfcmFpbHMiOnsibWVzc2FnZSI6IkJBaHBBeWhIQXc9PSIsImV4cCI6bnVsbCwicHVyIjoiYmxvYl9pZCJ9fQ==--4351de621a1f61f5efbf41b34ef68339e67b8d22\/BRAS2513786A\"><\/audio><\/p>\n<p>Pr\u00e9-candidato \u00e0 Presid\u00eancia da Rep\u00fablica em 2026, o <strong>governador de Goi\u00e1s, Ronaldo Caiado, teve a inelegibilidade revertida pelo <a href=\"https:\/\/www.tre-go.jus.br\/\">Tribunal Regional de Goi\u00e1s (TRE-GO)<\/a><\/strong>. Por unanimidade, o presidente do TRE-GO, Luiz Cl\u00e1udio Veiga Braga, <strong>entendeu que a puni\u00e7\u00e3o pelo abuso de poder pol\u00edtico atribu\u00edda a Caiado n\u00e3o foi razo\u00e1vel<\/strong>. Com isso, o tribunal manteve a condena\u00e7\u00e3o, a multa de R$ 60 mil, <strong>mas afastou a puni\u00e7\u00e3o de inelegibilidade do governador<\/strong>. Ainda cabe recurso da decis\u00e3o.\u00a0<\/p>\n<p>O governador se manifestou pelas redes sociais.\u00a0<\/p>\n<blockquote>\n<p>\u201cAguardei com muita serenidade e respeito o julgamento do TRE sobre minha conduta durante as elei\u00e7\u00f5es municipais de 2024. Recebo a decis\u00e3o com o sentimento de tranquilidade e confian\u00e7a no nosso Judici\u00e1rio.<br \/>\nMinha trajet\u00f3ria \u00e9 de absoluto respeito \u00e0s leis do nosso pa\u00eds e seguirei sempre neste caminho.\u201d<\/p>\n<\/blockquote>\n<h2>Condena\u00e7\u00e3o\u00a0<\/h2>\n<p>Caiado havia sido condenado, em dezembro do ano passado, por abuso de poder pol\u00edtico. Na decis\u00e3o em 1\u00aa inst\u00e2ncia, a ju\u00edza Maria Umbelina Zorzetti tamb\u00e9m tornou ineleg\u00edveis o prefeito de Goi\u00e2nia, Sandro Mabel (Uni\u00e3o Brasil), e a vice-prefeita da cidade, Claudia da Silva Lira (Avante).\u00a0<\/p>\n<p>O oponente de Mabel nas elei\u00e7\u00f5es passadas, Fred Rodrigues (PL), foi quem abriu a representa\u00e7\u00e3o que deu in\u00edcio \u00e0s investiga\u00e7\u00f5es. Um dos argumentos da ju\u00edza Maria Umbelina\u00a0\u00e9 que durante as elei\u00e7\u00f5es passadas foram promovidos dois eventos no Pal\u00e1cio das Esmeraldas, nos quais o pr\u00e9dio hist\u00f3rico foi decorado com as cores da campanha de Mabel, e foram servidas comida e bebida aos convidados.<\/p>\n<p>Na decis\u00e3o do TRE-GO, o presidente Luiz Cl\u00e1udio Veiga Braga\u00a0entendeu que a pena de inelegibilidade \u201cfora empregada sem nenhuma razoabilidade\u201d. Apesar de ter apontado irregularidades dos eventos de apoio ao ent\u00e3o candidato Sandro Mabel, o relator do processo, desembargador Jos\u00e9 Mendon\u00e7a Carvalho Neto, tamb\u00e9m entendeu que os eventos n\u00e3o tiveram alcance para comprometer o pleito.\u00a0<br \/>\n\u00a0<\/p>\n<p>\t\t\t\t\t\t\t\t\t<img loading=\"lazy\" decoding=\"async\" src=\"https:\/\/brasil61.com\/api\/v1\/serve_pixel\/17677\/81340\" alt=\"Pixel Brasil 61\" class=\"b61_pixel\" width=\"0\" height=\"0\"><\/p>\n<input type=\"hidden\" id=\"baseurl\" value=\"https:\/\/noticiasdestaque.com.br\"><input type=\"hidden\" id=\"audio_nonce\" value=\"6f73a554f1\">","protected":false},"excerpt":{"rendered":"<p>TRE-GO, no entanto, mant\u00e9m condena\u00e7\u00e3o e multa de R$ 60 mil por pr\u00e1tica de condutas vedadas durante a elei\u00e7\u00e3o, mas ainda cabe recurso<\/p>\n","protected":false},"author":1,"featured_media":42729,"comment_status":"open","ping_status":"open","sticky":false,"template":"","format":"standard","meta":{"fifu_image_url":"","fifu_image_alt":"","footnotes":""},"categories":[50],"tags":[],"class_list":["post-42728","post","type-post","status-publish","format-standard","has-post-thumbnail","hentry","category-politica"],"distributor_meta":false,"distributor_terms":false,"distributor_media":false,"distributor_original_site_name":"Noticias em Destaque","distributor_original_site_url":"https:\/\/noticiasdestaque.com.br","push-errors":false,"_links":{"self":[{"href":"https:\/\/noticiasdestaque.com.br\/index.php\/wp-json\/wp\/v2\/posts\/42728","targetHints":{"allow":["GET"]}}],"collection":[{"href":"https:\/\/noticiasdestaque.com.br\/index.php\/wp-json\/wp\/v2\/posts"}],"about":[{"href":"https:\/\/noticiasdestaque.com.br\/index.php\/wp-json\/wp\/v2\/types\/post"}],"author":[{"embeddable":true,"href":"https:\/\/noticiasdestaque.com.br\/index.php\/wp-json\/wp\/v2\/users\/1"}],"replies":[{"embeddable":true,"href":"https:\/\/noticiasdestaque.com.br\/index.php\/wp-json\/wp\/v2\/comments?post=42728"}],"version-history":[{"count":0,"href":"https:\/\/noticiasdestaque.com.br\/index.php\/wp-json\/wp\/v2\/posts\/42728\/revisions"}],"wp:featuredmedia":[{"embeddable":true,"href":"https:\/\/noticiasdestaque.com.br\/index.php\/wp-json\/wp\/v2\/media\/42729"}],"wp:attachment":[{"href":"https:\/\/noticiasdestaque.com.br\/index.php\/wp-json\/wp\/v2\/media?parent=42728"}],"wp:term":[{"taxonomy":"category","embeddable":true,"href":"https:\/\/noticiasdestaque.com.br\/index.php\/wp-json\/wp\/v2\/categories?post=42728"},{"taxonomy":"post_tag","embeddable":true,"href":"https:\/\/noticiasdestaque.com.br\/index.php\/wp-json\/wp\/v2\/tags?post=42728"}],"curies":[{"name":"wp","href":"https:\/\/api.w.org\/{rel}","templated":true}]}}