{"id":42722,"date":"2025-01-23T20:56:00","date_gmt":"2025-01-23T23:56:00","guid":{"rendered":"https:\/\/noticiasdestaque.com.br\/index.php\/2025\/01\/23\/minerio-de-ferro-santa-fe-investira-r-2-bilhoes-para-produzir-minerio-verde-na-bahia\/"},"modified":"2025-01-23T20:56:00","modified_gmt":"2025-01-23T23:56:00","slug":"minerio-de-ferro-santa-fe-investira-r-2-bilhoes-para-produzir-minerio-verde-na-bahia","status":"publish","type":"post","link":"https:\/\/noticiasdestaque.com.br\/index.php\/2025\/01\/23\/minerio-de-ferro-santa-fe-investira-r-2-bilhoes-para-produzir-minerio-verde-na-bahia\/","title":{"rendered":"Min\u00e9rio de ferro: Santa F\u00e9 investir\u00e1 R$ 2 bilh\u00f5es para produzir min\u00e9rio verde na Bahia"},"content":{"rendered":"<p>O presidente da Santa F\u00e9 Minera\u00e7\u00e3o, Frederico Robalinho, anunciou que a empresa ir\u00e1 produzir pellet feed na Bahia, considerado um min\u00e9rio verde por consumir menos energia nos altos-fornos das sider\u00fargicas. O executivo se reuniu no dia 20 de janeiro com a Secretaria de Desenvolvimento Econ\u00f4mico (SDE) do estado.<\/p>\n<p>Como atrativos para desenvolver o projeto em solo baiano, o executivo da Santa F\u00e9 mencionou a log\u00edstica privilegiada, a riqueza mineral e o dinamismo do setor quando o estado foi escolhido h\u00e1 15 anos para prospec\u00e7\u00e3o, levantamentos, sondagens, estudos de impacto ambiental, al\u00e9m de aquisi\u00e7\u00e3o da Licen\u00e7a Pr\u00e9via, e apresenta\u00e7\u00e3o dos planos de levantamento econ\u00f4mico que foi submetido \u00e0 Ag\u00eancia Nacional de Minera\u00e7\u00e3o (ANM). A reuni\u00e3o contou ainda com a presen\u00e7a da prefeita de Livramento de Nossa Senhora, Joanina Sampaio.<\/p>\n<p>\u201cO ano come\u00e7ou com boas not\u00edcias. A Santa F\u00e9 Minera\u00e7\u00e3o anunciou a consolida\u00e7\u00e3o dos principais fundamentos para a implanta\u00e7\u00e3o da primeira etapa da planta de pellet feed, com 65% de ferro. As \u00e1reas da mineradora abrangem os munic\u00edpios de Brumado e Livramento de Nossa Senhora. Na oportunidade, alinhamos com a companhia, estrat\u00e9gias para fortalecer a economia local e impulsionar o crescimento sustent\u00e1vel da regi\u00e3o. Isso mostra o trabalho que o governo Jer\u00f4nimo Rodrigues tem feito na desconcentra\u00e7\u00e3o da renda. \u00c9 importante frisar que a chegada de uma mineradora em um munic\u00edpio \u00e9 muito importante, especialmente na gera\u00e7\u00e3o de empregos, j\u00e1 que para cada uma vaga de trabalho direta, 11 indiretas s\u00e3o geradas, conforme estudos do Instituto Brasileiro de Minera\u00e7\u00e3o (IBRAM)\u201d, afirma o secret\u00e1rio da SDE, Angelo Almeida.<\/p>\n<p>Para o presidente da Santa F\u00e9, a mineradora descobriu uma \u00e1rea \u00fanica de um min\u00e9rio magnetitico, ideal para produzir o min\u00e9rio verde. \u201cA FIOL (Ferrovia Oeste Leste) literalmente atravessa a Santa F\u00e9. Uma empresa de minera\u00e7\u00e3o com log\u00edstica privilegiada tem uma grande vantagem, facilitando a chegada do seu produto no mercado. Teremos resultados que beneficiar\u00e1 a comunidade local, com gera\u00e7\u00e3o de empregos e renda. A primeira unidade fabril deve come\u00e7ar a operar 1 anos e meio ap\u00f3s a empresa adquirir a Licen\u00e7a de Instala\u00e7\u00e3o (LI). Uma vez produzido, o pellet feed vai para o mercado nacional e internacional\u201d.<\/p>\n<p>Em 2015, a Santa F\u00e9 Minera\u00e7\u00e3o assinou protocolo de inten\u00e7\u00f5es com o Governo do Estado, por meio da SDE, para estudos de pesquisa mineral de ferro. A pesquisa e implanta\u00e7\u00e3o da unidade de produ\u00e7\u00e3o de pellet feed tem investimento de cerca de R$ 2 bilh\u00f5es e quando estiver em pleno funcionamento dever\u00e1 gerar cerca de 1 mil empregos, nos munic\u00edpios de Livramento de Nossa Senhora, Brumado e regi\u00e3o.<\/p>\n<p>\t\t\t\t\t\t\t\t\t<img loading=\"lazy\" decoding=\"async\" src=\"https:\/\/brasil61.com\/api\/v1\/serve_pixel\/17677\/79831\" alt=\"Pixel Brasil 61\" class=\"b61_pixel\" width=\"0\" height=\"0\"><\/p>\n<input type=\"hidden\" id=\"baseurl\" value=\"https:\/\/noticiasdestaque.com.br\"><input type=\"hidden\" id=\"audio_nonce\" value=\"6f73a554f1\">","protected":false},"excerpt":{"rendered":"<p>A pesquisa e implanta\u00e7\u00e3o da unidade de produ\u00e7\u00e3o de pellet feed tem investimento de cerca de R$ 2 bilh\u00f5es e quando estiver em pleno funcionamento dever\u00e1 gerar cerca de 1 mil empregos.<\/p>\n","protected":false},"author":1,"featured_media":42723,"comment_status":"open","ping_status":"open","sticky":false,"template":"","format":"standard","meta":{"fifu_image_url":"","fifu_image_alt":"","footnotes":""},"categories":[59],"tags":[],"class_list":["post-42722","post","type-post","status-publish","format-standard","has-post-thumbnail","hentry","category-economia"],"distributor_meta":false,"distributor_terms":false,"distributor_media":false,"distributor_original_site_name":"Noticias em Destaque","distributor_original_site_url":"https:\/\/noticiasdestaque.com.br","push-errors":false,"_links":{"self":[{"href":"https:\/\/noticiasdestaque.com.br\/index.php\/wp-json\/wp\/v2\/posts\/42722","targetHints":{"allow":["GET"]}}],"collection":[{"href":"https:\/\/noticiasdestaque.com.br\/index.php\/wp-json\/wp\/v2\/posts"}],"about":[{"href":"https:\/\/noticiasdestaque.com.br\/index.php\/wp-json\/wp\/v2\/types\/post"}],"author":[{"embeddable":true,"href":"https:\/\/noticiasdestaque.com.br\/index.php\/wp-json\/wp\/v2\/users\/1"}],"replies":[{"embeddable":true,"href":"https:\/\/noticiasdestaque.com.br\/index.php\/wp-json\/wp\/v2\/comments?post=42722"}],"version-history":[{"count":0,"href":"https:\/\/noticiasdestaque.com.br\/index.php\/wp-json\/wp\/v2\/posts\/42722\/revisions"}],"wp:featuredmedia":[{"embeddable":true,"href":"https:\/\/noticiasdestaque.com.br\/index.php\/wp-json\/wp\/v2\/media\/42723"}],"wp:attachment":[{"href":"https:\/\/noticiasdestaque.com.br\/index.php\/wp-json\/wp\/v2\/media?parent=42722"}],"wp:term":[{"taxonomy":"category","embeddable":true,"href":"https:\/\/noticiasdestaque.com.br\/index.php\/wp-json\/wp\/v2\/categories?post=42722"},{"taxonomy":"post_tag","embeddable":true,"href":"https:\/\/noticiasdestaque.com.br\/index.php\/wp-json\/wp\/v2\/tags?post=42722"}],"curies":[{"name":"wp","href":"https:\/\/api.w.org\/{rel}","templated":true}]}}