{"id":42708,"date":"2025-01-03T22:30:00","date_gmt":"2025-01-04T01:30:00","guid":{"rendered":"https:\/\/noticiasdestaque.com.br\/index.php\/2025\/01\/03\/estradas-de-ferro-carajas-e-vitoria-a-minas-antt-define-bases-para-repactuar-contratos-concessao\/"},"modified":"2025-01-03T22:30:00","modified_gmt":"2025-01-04T01:30:00","slug":"estradas-de-ferro-carajas-e-vitoria-a-minas-antt-define-bases-para-repactuar-contratos-concessao","status":"publish","type":"post","link":"https:\/\/noticiasdestaque.com.br\/index.php\/2025\/01\/03\/estradas-de-ferro-carajas-e-vitoria-a-minas-antt-define-bases-para-repactuar-contratos-concessao\/","title":{"rendered":"Estradas de ferro Caraj\u00e1s e Vit\u00f3ria a Minas: ANTT define bases para repactuar contratos concess\u00e3o"},"content":{"rendered":"<p>A Vale S.A. informa que a Ag\u00eancia Nacional de Transportes Terrestres e a Uni\u00e3o Federal, por meio do Minist\u00e9rio dos Transportes, estabeleceram hoje as bases gerais para a repactua\u00e7\u00e3o dos Contratos de Concess\u00e3o da Estrada de Ferro Caraj\u00e1s (EFC) e da Estrada de Ferro Vit\u00f3ria a Minas (EFVM). Os referidos contratos contam com termos aditivos estabelecidos em 16 de dezembro de 2020, os quais fixaram a prorroga\u00e7\u00e3o antecipada das concess\u00f5es citadas at\u00e9 2057, conforme Fato Relevante divulgado pela Companhia na ocasi\u00e3o.<\/p>\n<p>A repactua\u00e7\u00e3o ser\u00e1 feita em conformidade com os termos dos Contratos de Concess\u00e3o, que seguem vigentes, visando promover sua moderniza\u00e7\u00e3o e atualiza\u00e7\u00e3o. Sob as bases gerais da repactua\u00e7\u00e3o, a Vale se compromete com um aporte global m\u00e1ximo de aproximadamente R$ 11 bilh\u00f5es, a t\u00edtulo da revis\u00e3o de levantamento da base de ativos da EFC e EFVM, da otimiza\u00e7\u00e3o de obriga\u00e7\u00f5es contratuais e do replanejamento de investimentos. Os termos da transa\u00e7\u00e3o resultam no aumento de R$ 1,7 bilh\u00e3o em provis\u00e3o referente a concess\u00f5es ferrovi\u00e1rias.\u00a0<\/p>\n<p>O aporte global compreende todos os investimentos e obriga\u00e7\u00f5es previstas para a Companhia nos Contratos de Concess\u00e3o e garante a aplica\u00e7\u00e3o de solu\u00e7\u00f5es consensuais definitivas quanto \u00e0 otimiza\u00e7\u00e3o de obriga\u00e7\u00f5es contratuais, incluindo obras e investimentos. As bases gerais da repactua\u00e7\u00e3o dos Contratos de Concess\u00e3o estabelecidas hoje cumprir\u00e3o formaliza\u00e7\u00f5es usuais e ser\u00e3o submetidas \u00e0 avalia\u00e7\u00e3o e \u00e0 anu\u00eancia das autoridades competentes, e a sua conforma\u00e7\u00e3o se dar\u00e1 por meio de uma solu\u00e7\u00e3o consensual a ser debatida com os \u00f3rg\u00e3os envolvidos junto ao Tribunal de Contas da Uni\u00e3o. A repactua\u00e7\u00e3o dos Contratos de Concess\u00e3o, uma vez finalizada, trar\u00e1 definitividade ao tema de obriga\u00e7\u00f5es e investimentos da Vale em suas duas concess\u00f5es ferrovi\u00e1rias.<\/p>\n<p>\t\t\t\t\t\t\t\t\t<img loading=\"lazy\" decoding=\"async\" src=\"https:\/\/brasil61.com\/api\/v1\/serve_pixel\/17677\/79422\" alt=\"Pixel Brasil 61\" class=\"b61_pixel\" width=\"0\" height=\"0\"><\/p>\n<input type=\"hidden\" id=\"baseurl\" value=\"https:\/\/noticiasdestaque.com.br\"><input type=\"hidden\" id=\"audio_nonce\" value=\"6a24ca502e\">","protected":false},"excerpt":{"rendered":"<p>Os termos da transa\u00e7\u00e3o resultam no aumento de R$ 1,7 bilh\u00e3o em provis\u00e3o referente a concess\u00f5es ferrovi\u00e1rias.<\/p>\n","protected":false},"author":1,"featured_media":42709,"comment_status":"open","ping_status":"open","sticky":false,"template":"","format":"standard","meta":{"fifu_image_url":"","fifu_image_alt":"","footnotes":""},"categories":[59],"tags":[],"class_list":["post-42708","post","type-post","status-publish","format-standard","has-post-thumbnail","hentry","category-economia"],"distributor_meta":false,"distributor_terms":false,"distributor_media":false,"distributor_original_site_name":"Noticias em Destaque","distributor_original_site_url":"https:\/\/noticiasdestaque.com.br","push-errors":false,"_links":{"self":[{"href":"https:\/\/noticiasdestaque.com.br\/index.php\/wp-json\/wp\/v2\/posts\/42708","targetHints":{"allow":["GET"]}}],"collection":[{"href":"https:\/\/noticiasdestaque.com.br\/index.php\/wp-json\/wp\/v2\/posts"}],"about":[{"href":"https:\/\/noticiasdestaque.com.br\/index.php\/wp-json\/wp\/v2\/types\/post"}],"author":[{"embeddable":true,"href":"https:\/\/noticiasdestaque.com.br\/index.php\/wp-json\/wp\/v2\/users\/1"}],"replies":[{"embeddable":true,"href":"https:\/\/noticiasdestaque.com.br\/index.php\/wp-json\/wp\/v2\/comments?post=42708"}],"version-history":[{"count":0,"href":"https:\/\/noticiasdestaque.com.br\/index.php\/wp-json\/wp\/v2\/posts\/42708\/revisions"}],"wp:featuredmedia":[{"embeddable":true,"href":"https:\/\/noticiasdestaque.com.br\/index.php\/wp-json\/wp\/v2\/media\/42709"}],"wp:attachment":[{"href":"https:\/\/noticiasdestaque.com.br\/index.php\/wp-json\/wp\/v2\/media?parent=42708"}],"wp:term":[{"taxonomy":"category","embeddable":true,"href":"https:\/\/noticiasdestaque.com.br\/index.php\/wp-json\/wp\/v2\/categories?post=42708"},{"taxonomy":"post_tag","embeddable":true,"href":"https:\/\/noticiasdestaque.com.br\/index.php\/wp-json\/wp\/v2\/tags?post=42708"}],"curies":[{"name":"wp","href":"https:\/\/api.w.org\/{rel}","templated":true}]}}